{"id":36431,"date":"2025-05-16T17:21:32","date_gmt":"2025-05-16T15:21:32","guid":{"rendered":"https:\/\/photogenika.de\/?p=36431"},"modified":"2025-05-05T17:50:08","modified_gmt":"2025-05-05T15:50:08","slug":"vali-introduces-himself","status":"publish","type":"post","link":"https:\/\/photogenika.de\/en\/vali-stellt-sich-vor\/","title":{"rendered":"Photography with heart: Vali introduces herself as a new trainee at Photogenika"},"content":{"rendered":"<div data-elementor-type=\"wp-post\" data-elementor-id=\"36431\" class=\"elementor elementor-36431\" data-elementor-settings=\"{&quot;ha_cmc_init_switcher&quot;:&quot;no&quot;}\" data-elementor-post-type=\"post\">\n\t\t\t\t<div class=\"elementor-element elementor-element-4888b54 e-flex e-con-boxed e-con e-parent\" data-id=\"4888b54\" data-element_type=\"container\" data-e-type=\"container\">\n\t\t\t\t\t<div class=\"e-con-inner\">\n\t\t\t\t<div class=\"elementor-element elementor-element-ea13434 elementor-widget elementor-widget-text-editor\" data-id=\"ea13434\" data-element_type=\"widget\" data-e-type=\"widget\" data-widget_type=\"text-editor.default\">\n\t\t\t\t<div class=\"elementor-widget-container\">\n\t\t\t\t\t\t\t\t\t<p data-sourcepos=\"5:1-5:94\">Hey there! Great to have you here and want to learn more about the Photogenika team!<\/p><p data-sourcepos=\"7:1-7:169\">My name is Valentina, but honestly, everyone calls me Vali. And since September 2024, I&#039;ve been the new trainee here at the super <a href=\"https:\/\/photogenika.de\/en\/team\/\">Photogenics team<\/a> in Munich!<\/p>\t\t\t\t\t\t\t\t<\/div>\n\t\t\t\t<\/div>\n\t\t\t\t<div class=\"elementor-element elementor-element-3f3e546 elementor-widget elementor-widget-spacer\" data-id=\"3f3e546\" data-element_type=\"widget\" data-e-type=\"widget\" data-widget_type=\"spacer.default\">\n\t\t\t\t<div class=\"elementor-widget-container\">\n\t\t\t\t\t\t\t<div class=\"elementor-spacer\">\n\t\t\t<div class=\"elementor-spacer-inner\"><\/div>\n\t\t<\/div>\n\t\t\t\t\t\t<\/div>\n\t\t\t\t<\/div>\n\t\t\t\t<div class=\"elementor-element elementor-element-6866c09 elementor-widget elementor-widget-heading\" data-id=\"6866c09\" data-element_type=\"widget\" data-e-type=\"widget\" data-widget_type=\"heading.default\">\n\t\t\t\t<div class=\"elementor-widget-container\">\n\t\t\t\t\t<h2 class=\"elementor-heading-title elementor-size-default\">From Hamburg to Munich: My path to Photogenika<\/h2>\t\t\t\t<\/div>\n\t\t\t\t<\/div>\n\t\t\t\t<div class=\"elementor-element elementor-element-6300abe elementor-widget elementor-widget-text-editor\" data-id=\"6300abe\" data-element_type=\"widget\" data-e-type=\"widget\" data-widget_type=\"text-editor.default\">\n\t\t\t\t<div class=\"elementor-widget-container\">\n\t\t\t\t\t\t\t\t\t<p>Coming to Munich was a bit of a move for me, as I&#039;m originally from the north, specifically from beautiful Hamburg. Of course, I felt a bit of sadness about leaving my hometown, but the anticipation of Munich and this amazing training program made up for it. And I have to say: Munich exceeded my expectations! I love strolling through the alleys, constantly discovering new, charming corners, and experiencing the vibrant subculture scene that makes the city so special.<\/p>\t\t\t\t\t\t\t\t<\/div>\n\t\t\t\t<\/div>\n\t\t\t\t<div class=\"elementor-element elementor-element-9a7f746 elementor-widget elementor-widget-spacer\" data-id=\"9a7f746\" data-element_type=\"widget\" data-e-type=\"widget\" data-widget_type=\"spacer.default\">\n\t\t\t\t<div class=\"elementor-widget-container\">\n\t\t\t\t\t\t\t<div class=\"elementor-spacer\">\n\t\t\t<div class=\"elementor-spacer-inner\"><\/div>\n\t\t<\/div>\n\t\t\t\t\t\t<\/div>\n\t\t\t\t<\/div>\n\t\t\t\t<div class=\"elementor-element elementor-element-ecfc7bd elementor-widget elementor-widget-heading\" data-id=\"ecfc7bd\" data-element_type=\"widget\" data-e-type=\"widget\" data-widget_type=\"heading.default\">\n\t\t\t\t<div class=\"elementor-widget-container\">\n\t\t\t\t\t<h2 class=\"elementor-heading-title elementor-size-default\">My passion: People &amp; emotions in focus<\/h2>\t\t\t\t<\/div>\n\t\t\t\t<\/div>\n\t\t\t\t<div class=\"elementor-element elementor-element-0bac46d elementor-widget elementor-widget-text-editor\" data-id=\"0bac46d\" data-element_type=\"widget\" data-e-type=\"widget\" data-widget_type=\"text-editor.default\">\n\t\t\t\t<div class=\"elementor-widget-container\">\n\t\t\t\t\t\t\t\t\t<p>But my heart beats not only for Munich\u2019s alleys, but especially for the <a href=\"https:\/\/photogenika.de\/en\/\">Photography \u2013 with a very clear focus: people!<\/a> For me, there&#039;s nothing more beautiful and exciting than capturing a person&#039;s personality and real, authentic moments. Especially the emotional moments in life\u2014whether bubbling joy, quiet contemplation, or deep connection\u2014these are the moments I most enjoy capturing with my camera. For me, a good photo tells a story that touches without many words and might even give you goosebumps.<\/p>\t\t\t\t\t\t\t\t<\/div>\n\t\t\t\t<\/div>\n\t\t\t\t<div class=\"elementor-element elementor-element-0bf5e67 elementor-widget elementor-widget-spacer\" data-id=\"0bf5e67\" data-element_type=\"widget\" data-e-type=\"widget\" data-widget_type=\"spacer.default\">\n\t\t\t\t<div class=\"elementor-widget-container\">\n\t\t\t\t\t\t\t<div class=\"elementor-spacer\">\n\t\t\t<div class=\"elementor-spacer-inner\"><\/div>\n\t\t<\/div>\n\t\t\t\t\t\t<\/div>\n\t\t\t\t<\/div>\n\t\t\t\t<div class=\"elementor-element elementor-element-db697a4 elementor-widget elementor-widget-gallery\" data-id=\"db697a4\" data-element_type=\"widget\" data-e-type=\"widget\" data-settings=\"{&quot;columns&quot;:3,&quot;aspect_ratio&quot;:&quot;9:16&quot;,&quot;lazyload&quot;:&quot;yes&quot;,&quot;gallery_layout&quot;:&quot;grid&quot;,&quot;columns_tablet&quot;:2,&quot;columns_mobile&quot;:1,&quot;gap&quot;:{&quot;unit&quot;:&quot;px&quot;,&quot;size&quot;:10,&quot;sizes&quot;:[]},&quot;gap_tablet&quot;:{&quot;unit&quot;:&quot;px&quot;,&quot;size&quot;:10,&quot;sizes&quot;:[]},&quot;gap_mobile&quot;:{&quot;unit&quot;:&quot;px&quot;,&quot;size&quot;:10,&quot;sizes&quot;:[]},&quot;link_to&quot;:&quot;file&quot;,&quot;overlay_background&quot;:&quot;yes&quot;,&quot;content_hover_animation&quot;:&quot;fade-in&quot;}\" data-widget_type=\"gallery.default\">\n\t\t\t\t<div class=\"elementor-widget-container\">\n\t\t\t\t\t\t\t<div class=\"elementor-gallery__container\">\n\t\t\t\t\t\t\t<a class=\"e-gallery-item elementor-gallery-item elementor-animated-content\" href=\"https:\/\/photogenika.de\/wp-content\/uploads\/2025\/03\/Valentina-Figallo-Photogenika-03-scaled.jpg\" data-elementor-open-lightbox=\"yes\" data-elementor-lightbox-slideshow=\"db697a4\" data-elementor-lightbox-title=\"Valentina Figallo\" data-e-action-hash=\"#elementor-action%3Aaction%3Dlightbox%26settings%3DeyJpZCI6MzU5NDYsInVybCI6Imh0dHBzOlwvXC9waG90b2dlbmlrYS5kZVwvd3AtY29udGVudFwvdXBsb2Fkc1wvMjAyNVwvMDNcL1ZhbGVudGluYS1GaWdhbGxvLVBob3RvZ2VuaWthLTAzLXNjYWxlZC5qcGciLCJzbGlkZXNob3ciOiJkYjY5N2E0In0%3D\">\n\t\t\t\t\t<div class=\"e-gallery-image elementor-gallery-item__image\" data-thumbnail=\"https:\/\/photogenika.de\/wp-content\/uploads\/2025\/03\/Valentina-Figallo-Photogenika-03-768x1153.jpg\" data-width=\"768\" data-height=\"1153\" aria-label=\"Valentina Figallo\" role=\"img\" ><\/div>\n\t\t\t\t\t\t\t\t\t\t\t<div class=\"elementor-gallery-item__overlay\"><\/div>\n\t\t\t\t\t\t\t\t\t\t\t\t\t\t<\/a>\n\t\t\t\t\t\t\t<a class=\"e-gallery-item elementor-gallery-item elementor-animated-content\" href=\"https:\/\/photogenika.de\/wp-content\/uploads\/2025\/03\/Valentina-Figallo-Photogenika-02-scaled.jpg\" data-elementor-open-lightbox=\"yes\" data-elementor-lightbox-slideshow=\"db697a4\" data-elementor-lightbox-title=\"Valentina Figallo\" data-elementor-lightbox-description=\"Diese Fotos zeigen eine junge Frau in einem professionellen Fotostudio in M\u00fcnchen, die ein kreatives Projekt mit Wolle und Strickmaterial macht. Das Bild hebt die Kreativit\u00e4t und Vielfalt der Fotodienstleistungen im Photogenika Fotostudio hervor, ideal f\u00fcr Kunden, die professionelle Fotos in M\u00fcnchen suchen.\" data-e-action-hash=\"#elementor-action%3Aaction%3Dlightbox%26settings%3DeyJpZCI6MzU5NDUsInVybCI6Imh0dHBzOlwvXC9waG90b2dlbmlrYS5kZVwvd3AtY29udGVudFwvdXBsb2Fkc1wvMjAyNVwvMDNcL1ZhbGVudGluYS1GaWdhbGxvLVBob3RvZ2VuaWthLTAyLXNjYWxlZC5qcGciLCJzbGlkZXNob3ciOiJkYjY5N2E0In0%3D\">\n\t\t\t\t\t<div class=\"e-gallery-image elementor-gallery-item__image\" data-thumbnail=\"https:\/\/photogenika.de\/wp-content\/uploads\/2025\/03\/Valentina-Figallo-Photogenika-02-768x1153.jpg\" data-width=\"768\" data-height=\"1153\" aria-label=\"Valentina Figallo\" role=\"img\" ><\/div>\n\t\t\t\t\t\t\t\t\t\t\t<div class=\"elementor-gallery-item__overlay\"><\/div>\n\t\t\t\t\t\t\t\t\t\t\t\t\t\t<\/a>\n\t\t\t\t\t\t\t<a class=\"e-gallery-item elementor-gallery-item elementor-animated-content\" href=\"https:\/\/photogenika.de\/wp-content\/uploads\/2025\/03\/Valentina-Figallo-Photogenika-01-scaled.jpg\" data-elementor-open-lightbox=\"yes\" data-elementor-lightbox-slideshow=\"db697a4\" data-elementor-lightbox-title=\"Valentina Figallo\" data-elementor-lightbox-description=\"Professionelles Portrait-Foto im Fotostudio M\u00fcnchen f\u00fcr individuelle Business- und Personenfotografie bei Photogenika, dem lokalen Experten.\" data-e-action-hash=\"#elementor-action%3Aaction%3Dlightbox%26settings%3DeyJpZCI6MzU5NDQsInVybCI6Imh0dHBzOlwvXC9waG90b2dlbmlrYS5kZVwvd3AtY29udGVudFwvdXBsb2Fkc1wvMjAyNVwvMDNcL1ZhbGVudGluYS1GaWdhbGxvLVBob3RvZ2VuaWthLTAxLXNjYWxlZC5qcGciLCJzbGlkZXNob3ciOiJkYjY5N2E0In0%3D\">\n\t\t\t\t\t<div class=\"e-gallery-image elementor-gallery-item__image\" data-thumbnail=\"https:\/\/photogenika.de\/wp-content\/uploads\/2025\/03\/Valentina-Figallo-Photogenika-01-768x1153.jpg\" data-width=\"768\" data-height=\"1153\" aria-label=\"Valentina Figallo\" role=\"img\" ><\/div>\n\t\t\t\t\t\t\t\t\t\t\t<div class=\"elementor-gallery-item__overlay\"><\/div>\n\t\t\t\t\t\t\t\t\t\t\t\t\t\t<\/a>\n\t\t\t\t\t<\/div>\n\t\t\t\t\t<\/div>\n\t\t\t\t<\/div>\n\t\t\t\t<div class=\"elementor-element elementor-element-ac679b2 elementor-widget elementor-widget-spacer\" data-id=\"ac679b2\" data-element_type=\"widget\" data-e-type=\"widget\" data-widget_type=\"spacer.default\">\n\t\t\t\t<div class=\"elementor-widget-container\">\n\t\t\t\t\t\t\t<div class=\"elementor-spacer\">\n\t\t\t<div class=\"elementor-spacer-inner\"><\/div>\n\t\t<\/div>\n\t\t\t\t\t\t<\/div>\n\t\t\t\t<\/div>\n\t\t\t\t<div class=\"elementor-element elementor-element-95e43bc elementor-widget elementor-widget-heading\" data-id=\"95e43bc\" data-element_type=\"widget\" data-e-type=\"widget\" data-widget_type=\"heading.default\">\n\t\t\t\t<div class=\"elementor-widget-container\">\n\t\t\t\t\t<h2 class=\"elementor-heading-title elementor-size-default\">When I&#039;m not behind the camera: My hobbies<\/h2>\t\t\t\t<\/div>\n\t\t\t\t<\/div>\n\t\t\t\t<div class=\"elementor-element elementor-element-2a73d69 elementor-widget elementor-widget-text-editor\" data-id=\"2a73d69\" data-element_type=\"widget\" data-e-type=\"widget\" data-widget_type=\"text-editor.default\">\n\t\t\t\t<div class=\"elementor-widget-container\">\n\t\t\t\t\t\t\t\t\t<p>When I&#039;m not out with my camera or in the studio, I enjoy immersing myself in foreign worlds (preferably with a good book in hand) or dancing with my friends. And my absolute favorite companion on all my adventures is my four-legged friend Kalle. He&#039;s always there and keeps me in a good mood! On the weekends, I often head out into nature. Whether it&#039;s a hike in the mountains around Munich or just a relaxing stroll with Kalle and my friends\u2014the main thing is to be outside and have good company.<\/p>\t\t\t\t\t\t\t\t<\/div>\n\t\t\t\t<\/div>\n\t\t\t\t<div class=\"elementor-element elementor-element-7f9eea4 elementor-widget elementor-widget-spacer\" data-id=\"7f9eea4\" data-element_type=\"widget\" data-e-type=\"widget\" data-widget_type=\"spacer.default\">\n\t\t\t\t<div class=\"elementor-widget-container\">\n\t\t\t\t\t\t\t<div class=\"elementor-spacer\">\n\t\t\t<div class=\"elementor-spacer-inner\"><\/div>\n\t\t<\/div>\n\t\t\t\t\t\t<\/div>\n\t\t\t\t<\/div>\n\t\t\t\t<div class=\"elementor-element elementor-element-138ab98 elementor-widget elementor-widget-heading\" data-id=\"138ab98\" data-element_type=\"widget\" data-e-type=\"widget\" data-widget_type=\"heading.default\">\n\t\t\t\t<div class=\"elementor-widget-container\">\n\t\t\t\t\t<h2 class=\"elementor-heading-title elementor-size-default\">More than just pictures: What is important to me<\/h2>\t\t\t\t<\/div>\n\t\t\t\t<\/div>\n\t\t\t\t<div class=\"elementor-element elementor-element-a652453 elementor-widget elementor-widget-text-editor\" data-id=\"a652453\" data-element_type=\"widget\" data-e-type=\"widget\" data-widget_type=\"text-editor.default\">\n\t\t\t\t<div class=\"elementor-widget-container\">\n\t\t\t\t\t\t\t\t\t<p>In addition to everything I personally enjoy, I&#039;m someone who likes to get involved and stand up for things that are important to me. Topics like politics and social issues also concern me a lot. I firmly believe that photography can also give you a voice and tell stories that inspire thought or open up new perspectives. This is often reflected in my work, especially when I <a href=\"https:\/\/photogenika.de\/en\/portrait-photos\/\">Portraits<\/a> and try to show the person behind the facade.<\/p>\t\t\t\t\t\t\t\t<\/div>\n\t\t\t\t<\/div>\n\t\t\t\t<div class=\"elementor-element elementor-element-bb2fd95 elementor-widget elementor-widget-spacer\" data-id=\"bb2fd95\" data-element_type=\"widget\" data-e-type=\"widget\" data-widget_type=\"spacer.default\">\n\t\t\t\t<div class=\"elementor-widget-container\">\n\t\t\t\t\t\t\t<div class=\"elementor-spacer\">\n\t\t\t<div class=\"elementor-spacer-inner\"><\/div>\n\t\t<\/div>\n\t\t\t\t\t\t<\/div>\n\t\t\t\t<\/div>\n\t\t\t\t<div class=\"elementor-element elementor-element-27e6240 elementor-widget elementor-widget-heading\" data-id=\"27e6240\" data-element_type=\"widget\" data-e-type=\"widget\" data-widget_type=\"heading.default\">\n\t\t\t\t<div class=\"elementor-widget-container\">\n\t\t\t\t\t<h2 class=\"elementor-heading-title elementor-size-default\">I look forward to getting to know you!<\/h2>\t\t\t\t<\/div>\n\t\t\t\t<\/div>\n\t\t\t\t<div class=\"elementor-element elementor-element-985f64d elementor-widget elementor-widget-text-editor\" data-id=\"985f64d\" data-element_type=\"widget\" data-e-type=\"widget\" data-widget_type=\"text-editor.default\">\n\t\t\t\t<div class=\"elementor-widget-container\">\n\t\t\t\t\t\t\t\t\t<p data-sourcepos=\"27:1-27:404\">I am really looking forward to the coming years of my <a href=\"https:\/\/photogenika.de\/en\/jobs-career\/training-to-be-a-photographer-2\/\">Training here at Photogenika<\/a>It&#039;s great to learn something new every day, benefit from the experienced photographers here, and turn my passion into my career. But most of all, I&#039;m looking forward to getting to know you, hearing your stories, and perhaps capturing some of your special moments for eternity.<\/p><p data-sourcepos=\"29:1-29:59\">Feel free to take a look in the studio (<a href=\"https:\/\/fotostudio-im-westend.de\/\" target=\"_blank\" rel=\"noopener\">Photo studio in the Westend<\/a> or <a href=\"https:\/\/www.fotostudio-am-ostbahnhof.de\/\" target=\"_blank\" rel=\"noopener\">Photo studio at Ostbahnhof<\/a>) over, I look forward to seeing you!<\/p><p data-sourcepos=\"31:1-32:9\">Best regards,<br \/>Your Vali<\/p>\t\t\t\t\t\t\t\t<\/div>\n\t\t\t\t<\/div>\n\t\t\t\t\t<\/div>\n\t\t\t\t<\/div>\n\t\t\t\t<\/div>","protected":false},"excerpt":{"rendered":"<p>Hey du! Sch\u00f6n, dass du hier bist und mehr \u00fcber das Team von Photogenika erfahren m\u00f6chtest! Mein Name ist Valentina, aber ganz ehrlich \u2013 alle nennen mich Vali. Und seit September 2024 bin ich die neue Auszubildende hier im super Team von Photogenika in M\u00fcnchen! Von Hamburg nach M\u00fcnchen: Mein Weg zu Photogenika Der Weg [&hellip;]<\/p>\n","protected":false},"author":6,"featured_media":36436,"comment_status":"closed","ping_status":"closed","sticky":false,"template":"","format":"standard","meta":{"footnotes":""},"categories":[9],"tags":[18],"class_list":["post-36431","post","type-post","status-publish","format-standard","has-post-thumbnail","hentry","category-photogenika","tag-ausbildung"],"_links":{"self":[{"href":"https:\/\/photogenika.de\/en\/wp-json\/wp\/v2\/posts\/36431","targetHints":{"allow":["GET"]}}],"collection":[{"href":"https:\/\/photogenika.de\/en\/wp-json\/wp\/v2\/posts"}],"about":[{"href":"https:\/\/photogenika.de\/en\/wp-json\/wp\/v2\/types\/post"}],"author":[{"embeddable":true,"href":"https:\/\/photogenika.de\/en\/wp-json\/wp\/v2\/users\/6"}],"replies":[{"embeddable":true,"href":"https:\/\/photogenika.de\/en\/wp-json\/wp\/v2\/comments?post=36431"}],"version-history":[{"count":0,"href":"https:\/\/photogenika.de\/en\/wp-json\/wp\/v2\/posts\/36431\/revisions"}],"wp:featuredmedia":[{"embeddable":true,"href":"https:\/\/photogenika.de\/en\/wp-json\/wp\/v2\/media\/36436"}],"wp:attachment":[{"href":"https:\/\/photogenika.de\/en\/wp-json\/wp\/v2\/media?parent=36431"}],"wp:term":[{"taxonomy":"category","embeddable":true,"href":"https:\/\/photogenika.de\/en\/wp-json\/wp\/v2\/categories?post=36431"},{"taxonomy":"post_tag","embeddable":true,"href":"https:\/\/photogenika.de\/en\/wp-json\/wp\/v2\/tags?post=36431"}],"curies":[{"name":"wp","href":"https:\/\/api.w.org\/{rel}","templated":true}]}}