{"id":36195,"date":"2025-04-28T17:21:06","date_gmt":"2025-04-28T15:21:06","guid":{"rendered":"https:\/\/photogenika.de\/?p=36195"},"modified":"2025-10-13T11:01:09","modified_gmt":"2025-10-13T09:01:09","slug":"kindergarten-photography-munich-unterfoehring","status":"publish","type":"post","link":"https:\/\/photogenika.de\/en\/kindergartenfotografie-muenchen-unterfoehring\/","title":{"rendered":"Kindergarten photography Munich Unterf\u00f6hring: A day full of laughter in kindergarten"},"content":{"rendered":"<div data-elementor-type=\"wp-post\" data-elementor-id=\"36195\" class=\"elementor elementor-36195\" data-elementor-settings=\"{&quot;ha_cmc_init_switcher&quot;:&quot;no&quot;}\" data-elementor-post-type=\"post\">\n\t\t\t\t<div class=\"elementor-element elementor-element-b677d5b e-flex e-con-boxed e-con e-parent\" data-id=\"b677d5b\" data-element_type=\"container\" data-e-type=\"container\">\n\t\t\t\t\t<div class=\"e-con-inner\">\n\t\t\t\t<div class=\"elementor-element elementor-element-a18b375 elementor-widget elementor-widget-text-editor\" data-id=\"a18b375\" data-element_type=\"widget\" data-e-type=\"widget\" data-widget_type=\"text-editor.default\">\n\t\t\t\t<div class=\"elementor-widget-container\">\n\t\t\t\t\t\t\t\t\t<p>For us at Photogenika, every new kindergarten photography assignment in Munich, Unterf\u00f6hring, is like opening a new adventure. You never know exactly what little personalities await you, what funny moments will occur, and how much energy will swirl through the rooms. That&#039;s exactly what makes our job so exciting and fulfilling! Recently, my colleague and boss Tina and I were privileged to spend another very special day at the Unterf\u00f6hring kindergarten \u2013 an experience I&#039;d like to share with you.<\/p>\t\t\t\t\t\t\t\t<\/div>\n\t\t\t\t<\/div>\n\t\t\t\t<div class=\"elementor-element elementor-element-eaf67c7 elementor-widget elementor-widget-heading\" data-id=\"eaf67c7\" data-element_type=\"widget\" data-e-type=\"widget\" data-widget_type=\"heading.default\">\n\t\t\t\t<div class=\"elementor-widget-container\">\n\t\t\t\t\t<h2 class=\"elementor-heading-title elementor-size-default\">Welcome to Unterf\u00f6hring: Preparation is everything<\/h2>\t\t\t\t<\/div>\n\t\t\t\t<\/div>\n\t\t\t\t<div class=\"elementor-element elementor-element-e6b0d21 elementor-widget elementor-widget-text-editor\" data-id=\"e6b0d21\" data-element_type=\"widget\" data-e-type=\"widget\" data-widget_type=\"text-editor.default\">\n\t\t\t\t<div class=\"elementor-widget-container\">\n\t\t\t\t\t\t\t\t\t<p>We received an incredibly warm welcome on our very first visit. This is so important, because good cooperation with the kindergarten team lays the foundation for relaxed photo shoots. We were immediately shown the rooms where we could set up our sets. We are constantly developing new, creative ideas for backgrounds and designs. It is important to us to <a href=\"https:\/\/photogenika.de\/en\/kindergarten-photography\/\">kindergarten photography<\/a> Not to create rigid studio settings, but lovingly designed worlds in which the children could feel comfortable and develop. After we set up our professional equipment\u2014from the cameras to the backdrops\u2014everything was ready.<\/p>\t\t\t\t\t\t\t\t<\/div>\n\t\t\t\t<\/div>\n\t\t\t\t<div class=\"elementor-element elementor-element-29401c1 elementor-widget elementor-widget-spacer\" data-id=\"29401c1\" data-element_type=\"widget\" data-e-type=\"widget\" data-widget_type=\"spacer.default\">\n\t\t\t\t<div class=\"elementor-widget-container\">\n\t\t\t\t\t\t\t<div class=\"elementor-spacer\">\n\t\t\t<div class=\"elementor-spacer-inner\"><\/div>\n\t\t<\/div>\n\t\t\t\t\t\t<\/div>\n\t\t\t\t<\/div>\n\t\t\t\t<div class=\"elementor-element elementor-element-0955be6 elementor-widget elementor-widget-gallery\" data-id=\"0955be6\" data-element_type=\"widget\" data-e-type=\"widget\" data-settings=\"{&quot;columns&quot;:2,&quot;aspect_ratio&quot;:&quot;9:16&quot;,&quot;lazyload&quot;:&quot;yes&quot;,&quot;gallery_layout&quot;:&quot;grid&quot;,&quot;columns_tablet&quot;:2,&quot;columns_mobile&quot;:1,&quot;gap&quot;:{&quot;unit&quot;:&quot;px&quot;,&quot;size&quot;:10,&quot;sizes&quot;:[]},&quot;gap_tablet&quot;:{&quot;unit&quot;:&quot;px&quot;,&quot;size&quot;:10,&quot;sizes&quot;:[]},&quot;gap_mobile&quot;:{&quot;unit&quot;:&quot;px&quot;,&quot;size&quot;:10,&quot;sizes&quot;:[]},&quot;link_to&quot;:&quot;file&quot;,&quot;overlay_background&quot;:&quot;yes&quot;,&quot;content_hover_animation&quot;:&quot;fade-in&quot;}\" data-widget_type=\"gallery.default\">\n\t\t\t\t<div class=\"elementor-widget-container\">\n\t\t\t\t\t\t\t<div class=\"elementor-gallery__container\">\n\t\t\t\t\t\t\t<a class=\"e-gallery-item elementor-gallery-item elementor-animated-content\" href=\"https:\/\/photogenika.de\/wp-content\/uploads\/2025\/04\/Kindergartenfotografie-Set-2.jpg\" data-elementor-open-lightbox=\"yes\" data-elementor-lightbox-slideshow=\"0955be6\" data-elementor-lightbox-title=\"Kindergartenfotografie Set 2\" data-elementor-lightbox-description=\"Ein gem\u00fctlicher Vintage-Sessel mit bunten Ballons vor grauer Wand, ideal f\u00fcr kreative Fotos.\" data-e-action-hash=\"#elementor-action%3Aaction%3Dlightbox%26settings%3DeyJpZCI6MzYyMDMsInVybCI6Imh0dHBzOlwvXC9waG90b2dlbmlrYS5kZVwvd3AtY29udGVudFwvdXBsb2Fkc1wvMjAyNVwvMDRcL0tpbmRlcmdhcnRlbmZvdG9ncmFmaWUtU2V0LTIuanBnIiwic2xpZGVzaG93IjoiMDk1NWJlNiJ9\">\n\t\t\t\t\t<div class=\"e-gallery-image elementor-gallery-item__image\" data-thumbnail=\"https:\/\/photogenika.de\/wp-content\/uploads\/2025\/04\/Kindergartenfotografie-Set-2.jpg\" data-width=\"575\" data-height=\"1024\" aria-label=\"High-quality vintage armchairs with colorful balloons, perfect backdrop for creative photo shoots.\" role=\"img\" ><\/div>\n\t\t\t\t\t\t\t\t\t\t\t<div class=\"elementor-gallery-item__overlay\"><\/div>\n\t\t\t\t\t\t\t\t\t\t\t\t\t\t<\/a>\n\t\t\t\t\t\t\t<a class=\"e-gallery-item elementor-gallery-item elementor-animated-content\" href=\"https:\/\/photogenika.de\/wp-content\/uploads\/2025\/04\/Kindergartenfotografie-Set-1.jpg\" data-elementor-open-lightbox=\"yes\" data-elementor-lightbox-slideshow=\"0955be6\" data-elementor-lightbox-title=\"Kindergartenfotografie Set 1\" data-elementor-lightbox-description=\"Ein gr\u00fcnes Kinderzelt mit wei\u00dfen Lichterketten, ausgestattet mit weichen Kissen und Pl\u00fcschtieren, geeignet f\u00fcr Spielzeit und gem\u00fctliche Momente.\" data-e-action-hash=\"#elementor-action%3Aaction%3Dlightbox%26settings%3DeyJpZCI6MzYyMDIsInVybCI6Imh0dHBzOlwvXC9waG90b2dlbmlrYS5kZVwvd3AtY29udGVudFwvdXBsb2Fkc1wvMjAyNVwvMDRcL0tpbmRlcmdhcnRlbmZvdG9ncmFmaWUtU2V0LTEuanBnIiwic2xpZGVzaG93IjoiMDk1NWJlNiJ9\">\n\t\t\t\t\t<div class=\"e-gallery-image elementor-gallery-item__image\" data-thumbnail=\"https:\/\/photogenika.de\/wp-content\/uploads\/2025\/04\/Kindergartenfotografie-Set-1.jpg\" data-width=\"607\" data-height=\"1024\" aria-label=\"Cozy children&#039;s tent with fairy lights and cozy blankets, ideal for playing and retreating.\" role=\"img\" ><\/div>\n\t\t\t\t\t\t\t\t\t\t\t<div class=\"elementor-gallery-item__overlay\"><\/div>\n\t\t\t\t\t\t\t\t\t\t\t\t\t\t<\/a>\n\t\t\t\t\t<\/div>\n\t\t\t\t\t<\/div>\n\t\t\t\t<\/div>\n\t\t\t\t<div class=\"elementor-element elementor-element-7227a1d elementor-widget elementor-widget-spacer\" data-id=\"7227a1d\" data-element_type=\"widget\" data-e-type=\"widget\" data-widget_type=\"spacer.default\">\n\t\t\t\t<div class=\"elementor-widget-container\">\n\t\t\t\t\t\t\t<div class=\"elementor-spacer\">\n\t\t\t<div class=\"elementor-spacer-inner\"><\/div>\n\t\t<\/div>\n\t\t\t\t\t\t<\/div>\n\t\t\t\t<\/div>\n\t\t\t\t<div class=\"elementor-element elementor-element-992ade1 elementor-widget elementor-widget-heading\" data-id=\"992ade1\" data-element_type=\"widget\" data-e-type=\"widget\" data-widget_type=\"heading.default\">\n\t\t\t\t<div class=\"elementor-widget-container\">\n\t\t\t\t\t<h2 class=\"elementor-heading-title elementor-size-default\">The little ones first: magical nursery children<\/h2>\t\t\t\t<\/div>\n\t\t\t\t<\/div>\n\t\t\t\t<div class=\"elementor-element elementor-element-018ebd9 elementor-widget elementor-widget-text-editor\" data-id=\"018ebd9\" data-element_type=\"widget\" data-e-type=\"widget\" data-widget_type=\"text-editor.default\">\n\t\t\t\t<div class=\"elementor-widget-container\">\n\t\t\t\t\t\t\t\t\t<p>We started the day full of energy. Since kindergarten-aged nursery children often still need their morning nap and tire quickly, we always photograph these groups first. It is a very special experience to work with the youngest children. They are often still a bit shy or very curious. Patience and sensitivity are required here. We take plenty of time for each individual child. Nursery children often have older siblings in other groups. We like to include them briefly \u2013 this immediately creates a familiar atmosphere and, in the process, results in wonderful sibling photos. We photograph each child in turn on both prepared sets and in different poses to allow for a beautiful selection. With more than three nursery groups registered, this was a challenging but very enjoyable task!<\/p>\t\t\t\t\t\t\t\t<\/div>\n\t\t\t\t<\/div>\n\t\t\t\t<div class=\"elementor-element elementor-element-21206bf elementor-widget elementor-widget-spacer\" data-id=\"21206bf\" data-element_type=\"widget\" data-e-type=\"widget\" data-widget_type=\"spacer.default\">\n\t\t\t\t<div class=\"elementor-widget-container\">\n\t\t\t\t\t\t\t<div class=\"elementor-spacer\">\n\t\t\t<div class=\"elementor-spacer-inner\"><\/div>\n\t\t<\/div>\n\t\t\t\t\t\t<\/div>\n\t\t\t\t<\/div>\n\t\t\t\t<div class=\"elementor-element elementor-element-e5f8fbe elementor-widget elementor-widget-gallery\" data-id=\"e5f8fbe\" data-element_type=\"widget\" data-e-type=\"widget\" data-settings=\"{&quot;columns&quot;:2,&quot;aspect_ratio&quot;:&quot;9:16&quot;,&quot;lazyload&quot;:&quot;yes&quot;,&quot;gallery_layout&quot;:&quot;grid&quot;,&quot;columns_tablet&quot;:2,&quot;columns_mobile&quot;:1,&quot;gap&quot;:{&quot;unit&quot;:&quot;px&quot;,&quot;size&quot;:10,&quot;sizes&quot;:[]},&quot;gap_tablet&quot;:{&quot;unit&quot;:&quot;px&quot;,&quot;size&quot;:10,&quot;sizes&quot;:[]},&quot;gap_mobile&quot;:{&quot;unit&quot;:&quot;px&quot;,&quot;size&quot;:10,&quot;sizes&quot;:[]},&quot;link_to&quot;:&quot;file&quot;,&quot;overlay_background&quot;:&quot;yes&quot;,&quot;content_hover_animation&quot;:&quot;fade-in&quot;}\" data-widget_type=\"gallery.default\">\n\t\t\t\t<div class=\"elementor-widget-container\">\n\t\t\t\t\t\t\t<div class=\"elementor-gallery__container\">\n\t\t\t\t\t\t\t<a class=\"e-gallery-item elementor-gallery-item elementor-animated-content\" href=\"https:\/\/photogenika.de\/wp-content\/uploads\/2025\/04\/002-Kindergartenfotografie-Muenchen-Unterfoehring-scaled.jpg\" data-elementor-open-lightbox=\"yes\" data-elementor-lightbox-slideshow=\"e5f8fbe\" data-elementor-lightbox-title=\"Kindergartenfotografie M\u00fcnchen Unterf\u00f6hring\" data-elementor-lightbox-description=\"Hochwertiges Portrait eines lachenden M\u00e4dchens mit braunen Haaren und rosa Oberteil, ideal f\u00fcr Kinderfotografie, Familienbilder und Kinder-Geschenke.\" data-e-action-hash=\"#elementor-action%3Aaction%3Dlightbox%26settings%3DeyJpZCI6MzYyMDUsInVybCI6Imh0dHBzOlwvXC9waG90b2dlbmlrYS5kZVwvd3AtY29udGVudFwvdXBsb2Fkc1wvMjAyNVwvMDRcLzAwMi1LaW5kZXJnYXJ0ZW5mb3RvZ3JhZmllLU11ZW5jaGVuLVVudGVyZm9laHJpbmctc2NhbGVkLmpwZyIsInNsaWRlc2hvdyI6ImU1ZjhmYmUifQ%3D%3D\">\n\t\t\t\t\t<div class=\"e-gallery-image elementor-gallery-item__image\" data-thumbnail=\"https:\/\/photogenika.de\/wp-content\/uploads\/2025\/04\/002-Kindergartenfotografie-Muenchen-Unterfoehring-768x1153.jpg\" data-width=\"768\" data-height=\"1153\" aria-label=\"Happy little girl with curls and backpack, laughing, colorful balloons in the background.\" role=\"img\" ><\/div>\n\t\t\t\t\t\t\t\t\t\t\t<div class=\"elementor-gallery-item__overlay\"><\/div>\n\t\t\t\t\t\t\t\t\t\t\t\t\t\t<\/a>\n\t\t\t\t\t\t\t<a class=\"e-gallery-item elementor-gallery-item elementor-animated-content\" href=\"https:\/\/photogenika.de\/wp-content\/uploads\/2025\/04\/003-Kindergartenfotografie-Muenchen-Unterfoehring-scaled.jpg\" data-elementor-open-lightbox=\"yes\" data-elementor-lightbox-slideshow=\"e5f8fbe\" data-elementor-lightbox-title=\"Kindergartenfotografie M\u00fcnchen Unterf\u00f6hring\" data-elementor-lightbox-description=\"Das Bild zeigt ein lachendes M\u00e4dchen mit braunen Haaren und smaragdgr\u00fcnen Augen, umgeben von bunten Ballons, bei einer Feier oder Geburtstag.\" data-e-action-hash=\"#elementor-action%3Aaction%3Dlightbox%26settings%3DeyJpZCI6MzYyMDYsInVybCI6Imh0dHBzOlwvXC9waG90b2dlbmlrYS5kZVwvd3AtY29udGVudFwvdXBsb2Fkc1wvMjAyNVwvMDRcLzAwMy1LaW5kZXJnYXJ0ZW5mb3RvZ3JhZmllLU11ZW5jaGVuLVVudGVyZm9laHJpbmctc2NhbGVkLmpwZyIsInNsaWRlc2hvdyI6ImU1ZjhmYmUifQ%3D%3D\">\n\t\t\t\t\t<div class=\"e-gallery-image elementor-gallery-item__image\" data-thumbnail=\"https:\/\/photogenika.de\/wp-content\/uploads\/2025\/04\/003-Kindergartenfotografie-Muenchen-Unterfoehring-768x1153.jpg\" data-width=\"768\" data-height=\"1153\" aria-label=\"Happy girl with balloons, birthday, children photography, happy child, beautiful children photo.\" role=\"img\" ><\/div>\n\t\t\t\t\t\t\t\t\t\t\t<div class=\"elementor-gallery-item__overlay\"><\/div>\n\t\t\t\t\t\t\t\t\t\t\t\t\t\t<\/a>\n\t\t\t\t\t\t\t<a class=\"e-gallery-item elementor-gallery-item elementor-animated-content\" href=\"https:\/\/photogenika.de\/wp-content\/uploads\/2025\/04\/004-Kindergartenfotografie-Muenchen-Unterfoehring-scaled.jpg\" data-elementor-open-lightbox=\"yes\" data-elementor-lightbox-slideshow=\"e5f8fbe\" data-elementor-lightbox-title=\"Kindergartenfotografie M\u00fcnchen Unterf\u00f6hring\" data-e-action-hash=\"#elementor-action%3Aaction%3Dlightbox%26settings%3DeyJpZCI6MzYyMDcsInVybCI6Imh0dHBzOlwvXC9waG90b2dlbmlrYS5kZVwvd3AtY29udGVudFwvdXBsb2Fkc1wvMjAyNVwvMDRcLzAwNC1LaW5kZXJnYXJ0ZW5mb3RvZ3JhZmllLU11ZW5jaGVuLVVudGVyZm9laHJpbmctc2NhbGVkLmpwZyIsInNsaWRlc2hvdyI6ImU1ZjhmYmUifQ%3D%3D\">\n\t\t\t\t\t<div class=\"e-gallery-image elementor-gallery-item__image\" data-thumbnail=\"https:\/\/photogenika.de\/wp-content\/uploads\/2025\/04\/004-Kindergartenfotografie-Muenchen-Unterfoehring-768x1153.jpg\" data-width=\"768\" data-height=\"1153\" aria-label=\"Happy girl during photo shoot in bright room, warm light, with decorations and cuddly pillows, children&#039;s photography, lifestyle.\" role=\"img\" ><\/div>\n\t\t\t\t\t\t\t\t\t\t\t<div class=\"elementor-gallery-item__overlay\"><\/div>\n\t\t\t\t\t\t\t\t\t\t\t\t\t\t<\/a>\n\t\t\t\t\t\t\t<a class=\"e-gallery-item elementor-gallery-item elementor-animated-content\" href=\"https:\/\/photogenika.de\/wp-content\/uploads\/2025\/04\/005-Kindergartenfotografie-Muenchen-Unterfoehring-scaled.jpg\" data-elementor-open-lightbox=\"yes\" data-elementor-lightbox-slideshow=\"e5f8fbe\" data-elementor-lightbox-title=\"Kindergartenfotografie M\u00fcnchen Unterf\u00f6hring\" data-elementor-lightbox-description=\"Ein junges M\u00e4dchen sitzt entspannt im Wohnzimmer, umgeben von Dekorationen, Stoffzelt und Kuscheltieren, beim professionellen Fotoshooting.\" data-e-action-hash=\"#elementor-action%3Aaction%3Dlightbox%26settings%3DeyJpZCI6MzYyMDgsInVybCI6Imh0dHBzOlwvXC9waG90b2dlbmlrYS5kZVwvd3AtY29udGVudFwvdXBsb2Fkc1wvMjAyNVwvMDRcLzAwNS1LaW5kZXJnYXJ0ZW5mb3RvZ3JhZmllLU11ZW5jaGVuLVVudGVyZm9laHJpbmctc2NhbGVkLmpwZyIsInNsaWRlc2hvdyI6ImU1ZjhmYmUifQ%3D%3D\">\n\t\t\t\t\t<div class=\"e-gallery-image elementor-gallery-item__image\" data-thumbnail=\"https:\/\/photogenika.de\/wp-content\/uploads\/2025\/04\/005-Kindergartenfotografie-Muenchen-Unterfoehring-768x1153.jpg\" data-width=\"768\" data-height=\"1153\" aria-label=\"happy girl at photoshoot with fabric tent and cuddly toy in living room\" role=\"img\" ><\/div>\n\t\t\t\t\t\t\t\t\t\t\t<div class=\"elementor-gallery-item__overlay\"><\/div>\n\t\t\t\t\t\t\t\t\t\t\t\t\t\t<\/a>\n\t\t\t\t\t<\/div>\n\t\t\t\t\t<\/div>\n\t\t\t\t<\/div>\n\t\t\t\t<div class=\"elementor-element elementor-element-37f8eae elementor-widget elementor-widget-spacer\" data-id=\"37f8eae\" data-element_type=\"widget\" data-e-type=\"widget\" data-widget_type=\"spacer.default\">\n\t\t\t\t<div class=\"elementor-widget-container\">\n\t\t\t\t\t\t\t<div class=\"elementor-spacer\">\n\t\t\t<div class=\"elementor-spacer-inner\"><\/div>\n\t\t<\/div>\n\t\t\t\t\t\t<\/div>\n\t\t\t\t<\/div>\n\t\t\t\t<div class=\"elementor-element elementor-element-99e7f5c elementor-widget elementor-widget-heading\" data-id=\"99e7f5c\" data-element_type=\"widget\" data-e-type=\"widget\" data-widget_type=\"heading.default\">\n\t\t\t\t<div class=\"elementor-widget-container\">\n\t\t\t\t\t<h2 class=\"elementor-heading-title elementor-size-default\">When the energy rises: The kindergarten kids<\/h2>\t\t\t\t<\/div>\n\t\t\t\t<\/div>\n\t\t\t\t<div class=\"elementor-element elementor-element-4775e49 elementor-widget elementor-widget-text-editor\" data-id=\"4775e49\" data-element_type=\"widget\" data-e-type=\"widget\" data-widget_type=\"text-editor.default\">\n\t\t\t\t<div class=\"elementor-widget-container\">\n\t\t\t\t\t\t\t\t\t<p>After the nursery children, it was the turn of the slightly older kindergarten children. These are already real little personalities! They can often control their facial expressions very consciously and interact much more with <a href=\"https:\/\/photogenika.de\/en\/team\/\">us photographers<\/a>. The goal here is to skillfully guide them, make them laugh, and playfully capture their most beautiful expressions. With little jokes, funny sounds, and plenty of positive encouragement, we create a relaxed atmosphere in which completely natural and happy photos are taken. Our prepared lists for each group are essential for keeping track of everything and ensuring that none of the registered children are forgotten. The Unterf\u00f6hring children&#039;s home is large, with four registered kindergarten groups, so a structured schedule is invaluable.<\/p>\t\t\t\t\t\t\t\t<\/div>\n\t\t\t\t<\/div>\n\t\t\t\t<div class=\"elementor-element elementor-element-a7b36ce elementor-widget elementor-widget-spacer\" data-id=\"a7b36ce\" data-element_type=\"widget\" data-e-type=\"widget\" data-widget_type=\"spacer.default\">\n\t\t\t\t<div class=\"elementor-widget-container\">\n\t\t\t\t\t\t\t<div class=\"elementor-spacer\">\n\t\t\t<div class=\"elementor-spacer-inner\"><\/div>\n\t\t<\/div>\n\t\t\t\t\t\t<\/div>\n\t\t\t\t<\/div>\n\t\t\t\t<div class=\"elementor-element elementor-element-e8ad6c4 elementor-widget elementor-widget-gallery\" data-id=\"e8ad6c4\" data-element_type=\"widget\" data-e-type=\"widget\" data-settings=\"{&quot;columns&quot;:2,&quot;lazyload&quot;:&quot;yes&quot;,&quot;gallery_layout&quot;:&quot;grid&quot;,&quot;columns_tablet&quot;:2,&quot;columns_mobile&quot;:1,&quot;gap&quot;:{&quot;unit&quot;:&quot;px&quot;,&quot;size&quot;:10,&quot;sizes&quot;:[]},&quot;gap_tablet&quot;:{&quot;unit&quot;:&quot;px&quot;,&quot;size&quot;:10,&quot;sizes&quot;:[]},&quot;gap_mobile&quot;:{&quot;unit&quot;:&quot;px&quot;,&quot;size&quot;:10,&quot;sizes&quot;:[]},&quot;link_to&quot;:&quot;file&quot;,&quot;aspect_ratio&quot;:&quot;3:2&quot;,&quot;overlay_background&quot;:&quot;yes&quot;,&quot;content_hover_animation&quot;:&quot;fade-in&quot;}\" data-widget_type=\"gallery.default\">\n\t\t\t\t<div class=\"elementor-widget-container\">\n\t\t\t\t\t\t\t<div class=\"elementor-gallery__container\">\n\t\t\t\t\t\t\t<a class=\"e-gallery-item elementor-gallery-item elementor-animated-content\" href=\"https:\/\/photogenika.de\/wp-content\/uploads\/2025\/04\/009-Kindergartenfotografie-Muenchen-Unterfoehring-scaled.jpg\" data-elementor-open-lightbox=\"yes\" data-elementor-lightbox-slideshow=\"e8ad6c4\" data-elementor-lightbox-title=\"Kindergartenfotografie M\u00fcnchen Unterf\u00f6hring\" data-elementor-lightbox-description=\"Zwei lachende Kinder sitzen auf einem bequemen Stuhl, umgeben von Geburtstagsballons.\" data-e-action-hash=\"#elementor-action%3Aaction%3Dlightbox%26settings%3DeyJpZCI6MzYyMTIsInVybCI6Imh0dHBzOlwvXC9waG90b2dlbmlrYS5kZVwvd3AtY29udGVudFwvdXBsb2Fkc1wvMjAyNVwvMDRcLzAwOS1LaW5kZXJnYXJ0ZW5mb3RvZ3JhZmllLU11ZW5jaGVuLVVudGVyZm9laHJpbmctc2NhbGVkLmpwZyIsInNsaWRlc2hvdyI6ImU4YWQ2YzQifQ%3D%3D\">\n\t\t\t\t\t<div class=\"e-gallery-image elementor-gallery-item__image\" data-thumbnail=\"https:\/\/photogenika.de\/wp-content\/uploads\/2025\/04\/009-Kindergartenfotografie-Muenchen-Unterfoehring-768x511.jpg\" data-width=\"768\" data-height=\"511\" aria-label=\"Happy children celebrate birthdays with balloons, fun and games.\" role=\"img\" ><\/div>\n\t\t\t\t\t\t\t\t\t\t\t<div class=\"elementor-gallery-item__overlay\"><\/div>\n\t\t\t\t\t\t\t\t\t\t\t\t\t\t<\/a>\n\t\t\t\t\t\t\t<a class=\"e-gallery-item elementor-gallery-item elementor-animated-content\" href=\"https:\/\/photogenika.de\/wp-content\/uploads\/2025\/04\/010-Kindergartenfotografie-Muenchen-Unterfoehring-scaled.jpg\" data-elementor-open-lightbox=\"yes\" data-elementor-lightbox-slideshow=\"e8ad6c4\" data-elementor-lightbox-title=\"Kindergartenfotografie M\u00fcnchen Unterf\u00f6hring\" data-e-action-hash=\"#elementor-action%3Aaction%3Dlightbox%26settings%3DeyJpZCI6MzYyMTMsInVybCI6Imh0dHBzOlwvXC9waG90b2dlbmlrYS5kZVwvd3AtY29udGVudFwvdXBsb2Fkc1wvMjAyNVwvMDRcLzAxMC1LaW5kZXJnYXJ0ZW5mb3RvZ3JhZmllLU11ZW5jaGVuLVVudGVyZm9laHJpbmctc2NhbGVkLmpwZyIsInNsaWRlc2hvdyI6ImU4YWQ2YzQifQ%3D%3D\">\n\t\t\t\t\t<div class=\"e-gallery-image elementor-gallery-item__image\" data-thumbnail=\"https:\/\/photogenika.de\/wp-content\/uploads\/2025\/04\/010-Kindergartenfotografie-Muenchen-Unterfoehring-768x512.jpg\" data-width=\"768\" data-height=\"512\" aria-label=\"Cute kids playing at home, creative photoshoot, childlike happiness, children photography, cozy home.\" role=\"img\" ><\/div>\n\t\t\t\t\t\t\t\t\t\t\t<div class=\"elementor-gallery-item__overlay\"><\/div>\n\t\t\t\t\t\t\t\t\t\t\t\t\t\t<\/a>\n\t\t\t\t\t\t\t<a class=\"e-gallery-item elementor-gallery-item elementor-animated-content\" href=\"https:\/\/photogenika.de\/wp-content\/uploads\/2025\/04\/007-Kindergartenfotografie-Muenchen-Unterfoehring-scaled.jpg\" data-elementor-open-lightbox=\"yes\" data-elementor-lightbox-slideshow=\"e8ad6c4\" data-elementor-lightbox-title=\"Kindergartenfotografie M\u00fcnchen Unterf\u00f6hring\" data-elementor-lightbox-description=\"Junges M\u00e4dchen mit blonden Locken und wei\u00dfen R\u00fcschen-Kleid bei Kindergeburtstag.\" data-e-action-hash=\"#elementor-action%3Aaction%3Dlightbox%26settings%3DeyJpZCI6MzYyMTAsInVybCI6Imh0dHBzOlwvXC9waG90b2dlbmlrYS5kZVwvd3AtY29udGVudFwvdXBsb2Fkc1wvMjAyNVwvMDRcLzAwNy1LaW5kZXJnYXJ0ZW5mb3RvZ3JhZmllLU11ZW5jaGVuLVVudGVyZm9laHJpbmctc2NhbGVkLmpwZyIsInNsaWRlc2hvdyI6ImU4YWQ2YzQifQ%3D%3D\">\n\t\t\t\t\t<div class=\"e-gallery-image elementor-gallery-item__image\" data-thumbnail=\"https:\/\/photogenika.de\/wp-content\/uploads\/2025\/04\/007-Kindergartenfotografie-Muenchen-Unterfoehring-768x512.jpg\" data-width=\"768\" data-height=\"512\" aria-label=\"Cute little girl with blonde hair and blue eyes at birthday party.\" role=\"img\" ><\/div>\n\t\t\t\t\t\t\t\t\t\t\t<div class=\"elementor-gallery-item__overlay\"><\/div>\n\t\t\t\t\t\t\t\t\t\t\t\t\t\t<\/a>\n\t\t\t\t\t\t\t<a class=\"e-gallery-item elementor-gallery-item elementor-animated-content\" href=\"https:\/\/photogenika.de\/wp-content\/uploads\/2025\/04\/008-Kindergartenfotografie-Muenchen-Unterfoehring-scaled.jpg\" data-elementor-open-lightbox=\"yes\" data-elementor-lightbox-slideshow=\"e8ad6c4\" data-elementor-lightbox-title=\"Kindergartenfotografie M\u00fcnchen Unterf\u00f6hring\" data-elementor-lightbox-description=\"Das Bild zeigt ein gl\u00fcckliches M\u00e4dchen im Altersbereich von 3-5 Jahren beim Spielen mit einem Stofftier in einem hellen Kinderzimmer.\" data-e-action-hash=\"#elementor-action%3Aaction%3Dlightbox%26settings%3DeyJpZCI6MzYyMTEsInVybCI6Imh0dHBzOlwvXC9waG90b2dlbmlrYS5kZVwvd3AtY29udGVudFwvdXBsb2Fkc1wvMjAyNVwvMDRcLzAwOC1LaW5kZXJnYXJ0ZW5mb3RvZ3JhZmllLU11ZW5jaGVuLVVudGVyZm9laHJpbmctc2NhbGVkLmpwZyIsInNsaWRlc2hvdyI6ImU4YWQ2YzQifQ%3D%3D\">\n\t\t\t\t\t<div class=\"e-gallery-image elementor-gallery-item__image\" data-thumbnail=\"https:\/\/photogenika.de\/wp-content\/uploads\/2025\/04\/008-Kindergartenfotografie-Muenchen-Unterfoehring-768x512.jpg\" data-width=\"768\" data-height=\"512\" aria-label=\"Pretty girl with blonde hair, lying on a round pillow, with a stuffed animal in her nursery.\" role=\"img\" ><\/div>\n\t\t\t\t\t\t\t\t\t\t\t<div class=\"elementor-gallery-item__overlay\"><\/div>\n\t\t\t\t\t\t\t\t\t\t\t\t\t\t<\/a>\n\t\t\t\t\t<\/div>\n\t\t\t\t\t<\/div>\n\t\t\t\t<\/div>\n\t\t\t\t<div class=\"elementor-element elementor-element-41a7820 elementor-widget elementor-widget-spacer\" data-id=\"41a7820\" data-element_type=\"widget\" data-e-type=\"widget\" data-widget_type=\"spacer.default\">\n\t\t\t\t<div class=\"elementor-widget-container\">\n\t\t\t\t\t\t\t<div class=\"elementor-spacer\">\n\t\t\t<div class=\"elementor-spacer-inner\"><\/div>\n\t\t<\/div>\n\t\t\t\t\t\t<\/div>\n\t\t\t\t<\/div>\n\t\t\t\t<div class=\"elementor-element elementor-element-d908ab9 elementor-widget elementor-widget-heading\" data-id=\"d908ab9\" data-element_type=\"widget\" data-e-type=\"widget\" data-widget_type=\"heading.default\">\n\t\t\t\t<div class=\"elementor-widget-container\">\n\t\t\t\t\t<h2 class=\"elementor-heading-title elementor-size-default\">More than individual portraits: groups and the team<\/h2>\t\t\t\t<\/div>\n\t\t\t\t<\/div>\n\t\t\t\t<div class=\"elementor-element elementor-element-0382f82 elementor-widget elementor-widget-text-editor\" data-id=\"0382f82\" data-element_type=\"widget\" data-e-type=\"widget\" data-widget_type=\"text-editor.default\">\n\t\t\t\t<div class=\"elementor-widget-container\">\n\t\t\t\t\t\t\t\t\t<p>After photographing each child individually, it was time for the group photos. We take photos of each nursery and kindergarten group, as well as special shots of the preschool children\u2014an important milestone! Upon request, the teachers also have the opportunity to have their photo taken. They do such a great job every day, so we&#039;re happy to capture their team photos or individual portraits. These moments capture the community spirit that makes this kindergarten so special.<\/p>\t\t\t\t\t\t\t\t<\/div>\n\t\t\t\t<\/div>\n\t\t\t\t<div class=\"elementor-element elementor-element-3940806 elementor-widget elementor-widget-spacer\" data-id=\"3940806\" data-element_type=\"widget\" data-e-type=\"widget\" data-widget_type=\"spacer.default\">\n\t\t\t\t<div class=\"elementor-widget-container\">\n\t\t\t\t\t\t\t<div class=\"elementor-spacer\">\n\t\t\t<div class=\"elementor-spacer-inner\"><\/div>\n\t\t<\/div>\n\t\t\t\t\t\t<\/div>\n\t\t\t\t<\/div>\n\t\t\t\t<div class=\"elementor-element elementor-element-78f8ea0 elementor-widget elementor-widget-heading\" data-id=\"78f8ea0\" data-element_type=\"widget\" data-e-type=\"widget\" data-widget_type=\"heading.default\">\n\t\t\t\t<div class=\"elementor-widget-container\">\n\t\t\t\t\t<h2 class=\"elementor-heading-title elementor-size-default\">From shooting to treasure: The follow-up<\/h2>\t\t\t\t<\/div>\n\t\t\t\t<\/div>\n\t\t\t\t<div class=\"elementor-element elementor-element-0eb6b23 elementor-widget elementor-widget-text-editor\" data-id=\"0eb6b23\" data-element_type=\"widget\" data-e-type=\"widget\" data-widget_type=\"text-editor.default\">\n\t\t\t\t<div class=\"elementor-widget-container\">\n\t\t\t\t\t\t\t\t\t<p>But our work doesn&#039;t end when we put the camera away. Back in the studio, the magic of post-production begins. <a href=\"https:\/\/photogenika.de\/en\/retouching-professional-if-you-cant-see-them\/\">professional but natural retouching<\/a> We optimize each individual image. Our goal is to portray the children as they really are \u2013 radiant and authentic. We then prepare the photos for our online shop. Each parent receives a detailed, <a href=\"https:\/\/kiga.photogenika.de\/gc\/1joAmbSyi2N5qfHCIgqA\" target=\"_blank\" rel=\"noopener\">Individual access to a password-protected gallery in which only the pictures of your child (or children) are visible<\/a>This ensures maximum privacy.<\/p>\t\t\t\t\t\t\t\t<\/div>\n\t\t\t\t<\/div>\n\t\t\t\t<div class=\"elementor-element elementor-element-2258a82 elementor-widget elementor-widget-spacer\" data-id=\"2258a82\" data-element_type=\"widget\" data-e-type=\"widget\" data-widget_type=\"spacer.default\">\n\t\t\t\t<div class=\"elementor-widget-container\">\n\t\t\t\t\t\t\t<div class=\"elementor-spacer\">\n\t\t\t<div class=\"elementor-spacer-inner\"><\/div>\n\t\t<\/div>\n\t\t\t\t\t\t<\/div>\n\t\t\t\t<\/div>\n\t\t\t\t<div class=\"elementor-element elementor-element-f1e529f elementor-widget elementor-widget-gallery\" data-id=\"f1e529f\" data-element_type=\"widget\" data-e-type=\"widget\" data-settings=\"{&quot;columns&quot;:2,&quot;lazyload&quot;:&quot;yes&quot;,&quot;gallery_layout&quot;:&quot;grid&quot;,&quot;columns_tablet&quot;:2,&quot;columns_mobile&quot;:1,&quot;gap&quot;:{&quot;unit&quot;:&quot;px&quot;,&quot;size&quot;:10,&quot;sizes&quot;:[]},&quot;gap_tablet&quot;:{&quot;unit&quot;:&quot;px&quot;,&quot;size&quot;:10,&quot;sizes&quot;:[]},&quot;gap_mobile&quot;:{&quot;unit&quot;:&quot;px&quot;,&quot;size&quot;:10,&quot;sizes&quot;:[]},&quot;link_to&quot;:&quot;file&quot;,&quot;aspect_ratio&quot;:&quot;3:2&quot;,&quot;overlay_background&quot;:&quot;yes&quot;,&quot;content_hover_animation&quot;:&quot;fade-in&quot;}\" data-widget_type=\"gallery.default\">\n\t\t\t\t<div class=\"elementor-widget-container\">\n\t\t\t\t\t\t\t<div class=\"elementor-gallery__container\">\n\t\t\t\t\t\t\t<a class=\"e-gallery-item elementor-gallery-item elementor-animated-content\" href=\"https:\/\/photogenika.de\/wp-content\/uploads\/2025\/04\/011-Kindergartenfotografie-Muenchen-Unterfoehring-scaled.jpg\" data-elementor-open-lightbox=\"yes\" data-elementor-lightbox-slideshow=\"f1e529f\" data-elementor-lightbox-title=\"Kindergartenfotografie M\u00fcnchen Unterf\u00f6hring\" data-elementor-lightbox-description=\"Zwei lachende M\u00e4dchen sitzen eng beieinander bei einer Kinderparty, umgeben von bunten Ballons, fr\u00f6hliche Atmosph\u00e4re.\" data-e-action-hash=\"#elementor-action%3Aaction%3Dlightbox%26settings%3DeyJpZCI6MzYyMTQsInVybCI6Imh0dHBzOlwvXC9waG90b2dlbmlrYS5kZVwvd3AtY29udGVudFwvdXBsb2Fkc1wvMjAyNVwvMDRcLzAxMS1LaW5kZXJnYXJ0ZW5mb3RvZ3JhZmllLU11ZW5jaGVuLVVudGVyZm9laHJpbmctc2NhbGVkLmpwZyIsInNsaWRlc2hvdyI6ImYxZTUyOWYifQ%3D%3D\">\n\t\t\t\t\t<div class=\"e-gallery-image elementor-gallery-item__image\" data-thumbnail=\"https:\/\/photogenika.de\/wp-content\/uploads\/2025\/04\/011-Kindergartenfotografie-Muenchen-Unterfoehring-768x511.jpg\" data-width=\"768\" data-height=\"511\" aria-label=\"Happy girls with balloons, children&#039;s party, children&#039;s face, children&#039;s fashion.\" role=\"img\" ><\/div>\n\t\t\t\t\t\t\t\t\t\t\t<div class=\"elementor-gallery-item__overlay\"><\/div>\n\t\t\t\t\t\t\t\t\t\t\t\t\t\t<\/a>\n\t\t\t\t\t\t\t<a class=\"e-gallery-item elementor-gallery-item elementor-animated-content\" href=\"https:\/\/photogenika.de\/wp-content\/uploads\/2025\/04\/012-Kindergartenfotografie-Muenchen-Unterfoehring-scaled.jpg\" data-elementor-open-lightbox=\"yes\" data-elementor-lightbox-slideshow=\"f1e529f\" data-elementor-lightbox-title=\"Kindergartenfotografie M\u00fcnchen Unterf\u00f6hring\" data-elementor-lightbox-description=\"Ein junges M\u00e4dchen mit dunklen Locken, wei\u00dfen Kleid, umgeben von bunten Ballons, bei einer Geburtstagsfeier, zeigt Freude und Gl\u00fcck, festliche Kinderveranstaltung.\" data-e-action-hash=\"#elementor-action%3Aaction%3Dlightbox%26settings%3DeyJpZCI6MzYyMTUsInVybCI6Imh0dHBzOlwvXC9waG90b2dlbmlrYS5kZVwvd3AtY29udGVudFwvdXBsb2Fkc1wvMjAyNVwvMDRcLzAxMi1LaW5kZXJnYXJ0ZW5mb3RvZ3JhZmllLU11ZW5jaGVuLVVudGVyZm9laHJpbmctc2NhbGVkLmpwZyIsInNsaWRlc2hvdyI6ImYxZTUyOWYifQ%3D%3D\">\n\t\t\t\t\t<div class=\"e-gallery-image elementor-gallery-item__image\" data-thumbnail=\"https:\/\/photogenika.de\/wp-content\/uploads\/2025\/04\/012-Kindergartenfotografie-Muenchen-Unterfoehring-768x512.jpg\" data-width=\"768\" data-height=\"512\" aria-label=\"Colorful balloons, laughing girl, children&#039;s birthday party, child with balloons, children&#039;s party, festive mood\" role=\"img\" ><\/div>\n\t\t\t\t\t\t\t\t\t\t\t<div class=\"elementor-gallery-item__overlay\"><\/div>\n\t\t\t\t\t\t\t\t\t\t\t\t\t\t<\/a>\n\t\t\t\t\t\t\t<a class=\"e-gallery-item elementor-gallery-item elementor-animated-content\" href=\"https:\/\/photogenika.de\/wp-content\/uploads\/2025\/04\/014-Kindergartenfotografie-Muenchen-Unterfoehring-scaled.jpg\" data-elementor-open-lightbox=\"yes\" data-elementor-lightbox-slideshow=\"f1e529f\" data-elementor-lightbox-title=\"Kindergartenfotografie M\u00fcnchen Unterf\u00f6hring\" data-elementor-lightbox-description=\"Zwei kleine M\u00e4dchen umarmen sich liebevoll bei einem Fotoshooting, strahlen Freude und Freundschaft aus, perfekt f\u00fcr Kinderportraits und Familienfotos in nat\u00fcrlichem Licht.\" data-e-action-hash=\"#elementor-action%3Aaction%3Dlightbox%26settings%3DeyJpZCI6MzYyMTcsInVybCI6Imh0dHBzOlwvXC9waG90b2dlbmlrYS5kZVwvd3AtY29udGVudFwvdXBsb2Fkc1wvMjAyNVwvMDRcLzAxNC1LaW5kZXJnYXJ0ZW5mb3RvZ3JhZmllLU11ZW5jaGVuLVVudGVyZm9laHJpbmctc2NhbGVkLmpwZyIsInNsaWRlc2hvdyI6ImYxZTUyOWYifQ%3D%3D\">\n\t\t\t\t\t<div class=\"e-gallery-image elementor-gallery-item__image\" data-thumbnail=\"https:\/\/photogenika.de\/wp-content\/uploads\/2025\/04\/014-Kindergartenfotografie-Muenchen-Unterfoehring-768x512.jpg\" data-width=\"768\" data-height=\"512\" aria-label=\"Happy little girls hugging each other, natural photoshoot, child love, portraits, friendship, sweet smile, bright ambience\" role=\"img\" ><\/div>\n\t\t\t\t\t\t\t\t\t\t\t<div class=\"elementor-gallery-item__overlay\"><\/div>\n\t\t\t\t\t\t\t\t\t\t\t\t\t\t<\/a>\n\t\t\t\t\t\t\t<a class=\"e-gallery-item elementor-gallery-item elementor-animated-content\" href=\"https:\/\/photogenika.de\/wp-content\/uploads\/2025\/04\/013-Kindergartenfotografie-Muenchen-Unterfoehring-scaled.jpg\" data-elementor-open-lightbox=\"yes\" data-elementor-lightbox-slideshow=\"f1e529f\" data-elementor-lightbox-title=\"Kindergartenfotografie M\u00fcnchen Unterf\u00f6hring\" data-elementor-lightbox-description=\"Ein charmantes Portrait eines kleinen M\u00e4dchens mit lockigem Haar und fr\u00f6hlichem Blick, perfekt f\u00fcr Kinder- und Familienfotografien.\" data-e-action-hash=\"#elementor-action%3Aaction%3Dlightbox%26settings%3DeyJpZCI6MzYyMTYsInVybCI6Imh0dHBzOlwvXC9waG90b2dlbmlrYS5kZVwvd3AtY29udGVudFwvdXBsb2Fkc1wvMjAyNVwvMDRcLzAxMy1LaW5kZXJnYXJ0ZW5mb3RvZ3JhZmllLU11ZW5jaGVuLVVudGVyZm9laHJpbmctc2NhbGVkLmpwZyIsInNsaWRlc2hvdyI6ImYxZTUyOWYifQ%3D%3D\">\n\t\t\t\t\t<div class=\"e-gallery-image elementor-gallery-item__image\" data-thumbnail=\"https:\/\/photogenika.de\/wp-content\/uploads\/2025\/04\/013-Kindergartenfotografie-Muenchen-Unterfoehring-768x512.jpg\" data-width=\"768\" data-height=\"512\" aria-label=\"Cute young girl with brown curly hair and white dress in front of decorative background.\" role=\"img\" ><\/div>\n\t\t\t\t\t\t\t\t\t\t\t<div class=\"elementor-gallery-item__overlay\"><\/div>\n\t\t\t\t\t\t\t\t\t\t\t\t\t\t<\/a>\n\t\t\t\t\t<\/div>\n\t\t\t\t\t<\/div>\n\t\t\t\t<\/div>\n\t\t\t\t<div class=\"elementor-element elementor-element-7cd4c18 elementor-widget elementor-widget-spacer\" data-id=\"7cd4c18\" data-element_type=\"widget\" data-e-type=\"widget\" data-widget_type=\"spacer.default\">\n\t\t\t\t<div class=\"elementor-widget-container\">\n\t\t\t\t\t\t\t<div class=\"elementor-spacer\">\n\t\t\t<div class=\"elementor-spacer-inner\"><\/div>\n\t\t<\/div>\n\t\t\t\t\t\t<\/div>\n\t\t\t\t<\/div>\n\t\t\t\t<div class=\"elementor-element elementor-element-eeca348 elementor-widget elementor-widget-heading\" data-id=\"eeca348\" data-element_type=\"widget\" data-e-type=\"widget\" data-widget_type=\"heading.default\">\n\t\t\t\t<div class=\"elementor-widget-container\">\n\t\t\t\t\t<h2 class=\"elementor-heading-title elementor-size-default\">Memories for eternity<\/h2>\t\t\t\t<\/div>\n\t\t\t\t<\/div>\n\t\t\t\t<div class=\"elementor-element elementor-element-1f2b554 elementor-widget elementor-widget-text-editor\" data-id=\"1f2b554\" data-element_type=\"widget\" data-e-type=\"widget\" data-widget_type=\"text-editor.default\">\n\t\t\t\t<div class=\"elementor-widget-container\">\n\t\t\t\t\t\t\t\t\t<p data-sourcepos=\"56:1-56:293\">A variety of options await parents in our online shop. We offer various photo packages and a wide range of photo products \u2013 from classic prints and canvases to mugs and keychains. So there&#039;s truly something for every need and every budget.<\/p><p data-sourcepos=\"58:1-58:388\">The professional approach, our loving approach to the children, and the variety of results make our kindergarten photography in Munich Unterf\u00f6hring so popular. The feedback from parents in Unterf\u00f6hring has been overwhelmingly positive, and we&#039;re thrilled to have the opportunity to capture magical memories there again next year. It&#039;s always a joy!<\/p><p data-sourcepos=\"58:1-58:388\">your Michael<\/p>\t\t\t\t\t\t\t\t<\/div>\n\t\t\t\t<\/div>\n\t\t\t\t\t<\/div>\n\t\t\t\t<\/div>\n\t\t\t\t<\/div>","protected":false},"excerpt":{"rendered":"<p>Jeder neue Auftrag f\u00fcr Kindergartenfotografie M\u00fcnchen Unterf\u00f6hring ist f\u00fcr uns bei Photogenika wie das Aufschlagen eines neuen Abenteuerbuchs. Man wei\u00df nie genau, welche kleinen Pers\u00f6nlichkeiten einen erwarten, welche lustigen Momente passieren und wie viel Energie durch die R\u00e4ume wirbeln wird. Genau das macht unseren Job so spannend und erf\u00fcllend! K\u00fcrzlich durften mein Kollegin und Chefin [&hellip;]<\/p>\n","protected":false},"author":6,"featured_media":36213,"comment_status":"closed","ping_status":"closed","sticky":false,"template":"","format":"standard","meta":{"footnotes":""},"categories":[54],"tags":[77],"class_list":["post-36195","post","type-post","status-publish","format-standard","has-post-thumbnail","hentry","category-kindergartenfotografie","tag-kindergartenbilder"],"_links":{"self":[{"href":"https:\/\/photogenika.de\/en\/wp-json\/wp\/v2\/posts\/36195","targetHints":{"allow":["GET"]}}],"collection":[{"href":"https:\/\/photogenika.de\/en\/wp-json\/wp\/v2\/posts"}],"about":[{"href":"https:\/\/photogenika.de\/en\/wp-json\/wp\/v2\/types\/post"}],"author":[{"embeddable":true,"href":"https:\/\/photogenika.de\/en\/wp-json\/wp\/v2\/users\/6"}],"replies":[{"embeddable":true,"href":"https:\/\/photogenika.de\/en\/wp-json\/wp\/v2\/comments?post=36195"}],"version-history":[{"count":0,"href":"https:\/\/photogenika.de\/en\/wp-json\/wp\/v2\/posts\/36195\/revisions"}],"wp:featuredmedia":[{"embeddable":true,"href":"https:\/\/photogenika.de\/en\/wp-json\/wp\/v2\/media\/36213"}],"wp:attachment":[{"href":"https:\/\/photogenika.de\/en\/wp-json\/wp\/v2\/media?parent=36195"}],"wp:term":[{"taxonomy":"category","embeddable":true,"href":"https:\/\/photogenika.de\/en\/wp-json\/wp\/v2\/categories?post=36195"},{"taxonomy":"post_tag","embeddable":true,"href":"https:\/\/photogenika.de\/en\/wp-json\/wp\/v2\/tags?post=36195"}],"curies":[{"name":"wp","href":"https:\/\/api.w.org\/{rel}","templated":true}]}}