{"id":33897,"date":"2024-11-20T09:02:00","date_gmt":"2024-11-20T08:02:00","guid":{"rendered":"https:\/\/photogenika.de\/?p=33897"},"modified":"2025-03-11T10:33:12","modified_gmt":"2025-03-11T09:33:12","slug":"new-dimensions-of-choir-photography-create-impressive-choir-pictures","status":"publish","type":"post","link":"https:\/\/photogenika.de\/en\/neue-dimensionen-der-chorfotografie-beeindruckende-chorbilder-erstellen\/","title":{"rendered":"New Dimensions of Choir Photography: Creating Impressive Choir Images"},"content":{"rendered":"<div data-elementor-type=\"wp-post\" data-elementor-id=\"33897\" class=\"elementor elementor-33897\" data-elementor-settings=\"{&quot;ha_cmc_init_switcher&quot;:&quot;no&quot;}\" data-elementor-post-type=\"post\">\n\t\t\t\t<div class=\"elementor-element elementor-element-e4ac777 e-flex e-con-boxed e-con e-parent\" data-id=\"e4ac777\" data-element_type=\"container\" data-e-type=\"container\">\n\t\t\t\t\t<div class=\"e-con-inner\">\n\t\t\t\t<div class=\"elementor-element elementor-element-fb80a29 elementor-widget elementor-widget-text-editor\" data-id=\"fb80a29\" data-element_type=\"widget\" data-e-type=\"widget\" data-widget_type=\"text-editor.default\">\n\t\t\t\t<div class=\"elementor-widget-container\">\n\t\t\t\t\t\t\t\t\t<p>As part of the <a href=\"https:\/\/photogenika.de\/en\/team\/\">Photogenika teams<\/a>, a photo studio in Munich, I recently accompanied an extraordinary choir photography project. The Photogenika team, in collaboration with the Via Nova choir, created choir photos, choir recordings, choir portraits and group photos that capture the individuality of each choir member and the unified spirit of the choir.<\/p><p>In this article we take you on the journey of our unique photo shoot in <a href=\"https:\/\/www.deutsches-museum.de\/verkehrszentrum\/besuch\" target=\"_blank\" rel=\"noopener\">Munich Transport Museum<\/a>. We cover all the important aspects that need to be considered when creating impressive choir images. Through our experiences, we want to shed light on the important role of choir photography for choirs and show how thorough preparation, creative expression and professional implementation come together to achieve impressive results. Join us on this exciting journey and discover how to create stunning choir images with passion and professionalism.<\/p>\t\t\t\t\t\t\t\t<\/div>\n\t\t\t\t<\/div>\n\t\t\t\t<div class=\"elementor-element elementor-element-dafbb1e elementor-widget elementor-widget-spacer\" data-id=\"dafbb1e\" data-element_type=\"widget\" data-e-type=\"widget\" data-widget_type=\"spacer.default\">\n\t\t\t\t<div class=\"elementor-widget-container\">\n\t\t\t\t\t\t\t<div class=\"elementor-spacer\">\n\t\t\t<div class=\"elementor-spacer-inner\"><\/div>\n\t\t<\/div>\n\t\t\t\t\t\t<\/div>\n\t\t\t\t<\/div>\n\t\t\t\t<div class=\"elementor-element elementor-element-aaf94ce elementor-widget elementor-widget-gallery\" data-id=\"aaf94ce\" data-element_type=\"widget\" data-e-type=\"widget\" data-settings=\"{&quot;columns&quot;:2,&quot;lazyload&quot;:&quot;yes&quot;,&quot;gallery_layout&quot;:&quot;grid&quot;,&quot;columns_tablet&quot;:2,&quot;columns_mobile&quot;:1,&quot;gap&quot;:{&quot;unit&quot;:&quot;px&quot;,&quot;size&quot;:10,&quot;sizes&quot;:[]},&quot;gap_tablet&quot;:{&quot;unit&quot;:&quot;px&quot;,&quot;size&quot;:10,&quot;sizes&quot;:[]},&quot;gap_mobile&quot;:{&quot;unit&quot;:&quot;px&quot;,&quot;size&quot;:10,&quot;sizes&quot;:[]},&quot;link_to&quot;:&quot;file&quot;,&quot;aspect_ratio&quot;:&quot;3:2&quot;,&quot;overlay_background&quot;:&quot;yes&quot;,&quot;content_hover_animation&quot;:&quot;fade-in&quot;}\" data-widget_type=\"gallery.default\">\n\t\t\t\t<div class=\"elementor-widget-container\">\n\t\t\t\t\t\t\t<div class=\"elementor-gallery__container\">\n\t\t\t\t\t\t\t<a class=\"e-gallery-item elementor-gallery-item elementor-animated-content\" href=\"https:\/\/photogenika.de\/wp-content\/uploads\/2024\/06\/01-Chorfotografie-Gruppenfoto-scaled.jpg\" data-elementor-open-lightbox=\"yes\" data-elementor-lightbox-slideshow=\"aaf94ce\" data-elementor-lightbox-title=\"Chorfotografie Gruppenfoto\" data-elementor-lightbox-description=\"Ein vielf\u00e4ltiges Team von Mitarbeitern vor industrieller Kulisse in einem modernen Fabrikgeb\u00e4ude.\" data-e-action-hash=\"#elementor-action%3Aaction%3Dlightbox%26settings%3DeyJpZCI6MzM4NjIsInVybCI6Imh0dHBzOlwvXC9waG90b2dlbmlrYS5kZVwvd3AtY29udGVudFwvdXBsb2Fkc1wvMjAyNFwvMDZcLzAxLUNob3Jmb3RvZ3JhZmllLUdydXBwZW5mb3RvLXNjYWxlZC5qcGciLCJzbGlkZXNob3ciOiJhYWY5NGNlIn0%3D\">\n\t\t\t\t\t<div class=\"e-gallery-image elementor-gallery-item__image\" data-thumbnail=\"https:\/\/photogenika.de\/wp-content\/uploads\/2024\/06\/01-Chorfotografie-Gruppenfoto-768x512.jpg\" data-width=\"768\" data-height=\"512\" aria-label=\"Group photo in the industrial sector at Photogenika, professional team portrait.\" role=\"img\" ><\/div>\n\t\t\t\t\t\t\t\t\t\t\t<div class=\"elementor-gallery-item__overlay\"><\/div>\n\t\t\t\t\t\t\t\t\t\t\t\t\t\t<\/a>\n\t\t\t\t\t\t\t<a class=\"e-gallery-item elementor-gallery-item elementor-animated-content\" href=\"https:\/\/photogenika.de\/wp-content\/uploads\/2024\/06\/02-Chorfotografie-alte-Tram-scaled.jpg\" data-elementor-open-lightbox=\"yes\" data-elementor-lightbox-slideshow=\"aaf94ce\" data-elementor-lightbox-title=\"Chorfotografie alte Tram\" data-e-action-hash=\"#elementor-action%3Aaction%3Dlightbox%26settings%3DeyJpZCI6MzM4NjMsInVybCI6Imh0dHBzOlwvXC9waG90b2dlbmlrYS5kZVwvd3AtY29udGVudFwvdXBsb2Fkc1wvMjAyNFwvMDZcLzAyLUNob3Jmb3RvZ3JhZmllLWFsdGUtVHJhbS1zY2FsZWQuanBnIiwic2xpZGVzaG93IjoiYWFmOTRjZSJ9\">\n\t\t\t\t\t<div class=\"e-gallery-image elementor-gallery-item__image\" data-thumbnail=\"https:\/\/photogenika.de\/wp-content\/uploads\/2024\/06\/02-Chorfotografie-alte-Tram-768x512.jpg\" data-width=\"768\" data-height=\"512\" aria-label=\"Snapshot of a large group of people in a historic tram car, booked event, urban experience, community, photography, \u00a9 Photogenika\" role=\"img\" ><\/div>\n\t\t\t\t\t\t\t\t\t\t\t<div class=\"elementor-gallery-item__overlay\"><\/div>\n\t\t\t\t\t\t\t\t\t\t\t\t\t\t<\/a>\n\t\t\t\t\t<\/div>\n\t\t\t\t\t<\/div>\n\t\t\t\t<\/div>\n\t\t\t\t<div class=\"elementor-element elementor-element-e2c2eba elementor-widget elementor-widget-spacer\" data-id=\"e2c2eba\" data-element_type=\"widget\" data-e-type=\"widget\" data-widget_type=\"spacer.default\">\n\t\t\t\t<div class=\"elementor-widget-container\">\n\t\t\t\t\t\t\t<div class=\"elementor-spacer\">\n\t\t\t<div class=\"elementor-spacer-inner\"><\/div>\n\t\t<\/div>\n\t\t\t\t\t\t<\/div>\n\t\t\t\t<\/div>\n\t\t\t\t<div class=\"elementor-element elementor-element-d332868 elementor-widget elementor-widget-heading\" data-id=\"d332868\" data-element_type=\"widget\" data-e-type=\"widget\" data-widget_type=\"heading.default\">\n\t\t\t\t<div class=\"elementor-widget-container\">\n\t\t\t\t\t<h2 class=\"elementor-heading-title elementor-size-default\">The Importance of Photography for Choirs<\/h2>\t\t\t\t<\/div>\n\t\t\t\t<\/div>\n\t\t\t\t<div class=\"elementor-element elementor-element-befd309 elementor-widget elementor-widget-heading\" data-id=\"befd309\" data-element_type=\"widget\" data-e-type=\"widget\" data-widget_type=\"heading.default\">\n\t\t\t\t<div class=\"elementor-widget-container\">\n\t\t\t\t\t<h3 class=\"elementor-heading-title elementor-size-default\">Why <a href=\"https:\/\/photogenika.de\/en\/portrait-photos\/\">new photos<\/a> are important<\/h3>\t\t\t\t<\/div>\n\t\t\t\t<\/div>\n\t\t\t\t<div class=\"elementor-element elementor-element-b39cd38 elementor-widget elementor-widget-text-editor\" data-id=\"b39cd38\" data-element_type=\"widget\" data-e-type=\"widget\" data-widget_type=\"text-editor.default\">\n\t\t\t\t<div class=\"elementor-widget-container\">\n\t\t\t\t\t\t\t\t\t<p>As a photographer at Photogenika, I had the honor of <a href=\"https:\/\/www.via-nova-chor.de\/\" target=\"_blank\" rel=\"noopener\">choir Via Nova<\/a> who wanted fresher pictures for their 50th anniversary. With 40 members, it was a challenge to create dynamic and lively group photos that did not look stiff or boring. Through intensive brainstorming and searching for <a href=\"https:\/\/photogenika.de\/en\/a-wedding-full-of-surprises\/\">extraordinary locations in Munich<\/a>, such as the Transport Museum, we were able to capture unique moments that reflect the individuality of each choir member and the spirit of the group.<\/p>\t\t\t\t\t\t\t\t<\/div>\n\t\t\t\t<\/div>\n\t\t\t\t<div class=\"elementor-element elementor-element-6a9dd49 elementor-widget elementor-widget-spacer\" data-id=\"6a9dd49\" data-element_type=\"widget\" data-e-type=\"widget\" data-widget_type=\"spacer.default\">\n\t\t\t\t<div class=\"elementor-widget-container\">\n\t\t\t\t\t\t\t<div class=\"elementor-spacer\">\n\t\t\t<div class=\"elementor-spacer-inner\"><\/div>\n\t\t<\/div>\n\t\t\t\t\t\t<\/div>\n\t\t\t\t<\/div>\n\t\t\t\t<div class=\"elementor-element elementor-element-c7a63eb elementor-widget elementor-widget-gallery\" data-id=\"c7a63eb\" data-element_type=\"widget\" data-e-type=\"widget\" data-settings=\"{&quot;columns&quot;:2,&quot;lazyload&quot;:&quot;yes&quot;,&quot;gallery_layout&quot;:&quot;grid&quot;,&quot;columns_tablet&quot;:2,&quot;columns_mobile&quot;:1,&quot;gap&quot;:{&quot;unit&quot;:&quot;px&quot;,&quot;size&quot;:10,&quot;sizes&quot;:[]},&quot;gap_tablet&quot;:{&quot;unit&quot;:&quot;px&quot;,&quot;size&quot;:10,&quot;sizes&quot;:[]},&quot;gap_mobile&quot;:{&quot;unit&quot;:&quot;px&quot;,&quot;size&quot;:10,&quot;sizes&quot;:[]},&quot;link_to&quot;:&quot;file&quot;,&quot;aspect_ratio&quot;:&quot;3:2&quot;,&quot;overlay_background&quot;:&quot;yes&quot;,&quot;content_hover_animation&quot;:&quot;fade-in&quot;}\" data-widget_type=\"gallery.default\">\n\t\t\t\t<div class=\"elementor-widget-container\">\n\t\t\t\t\t\t\t<div class=\"elementor-gallery__container\">\n\t\t\t\t\t\t\t<a class=\"e-gallery-item elementor-gallery-item elementor-animated-content\" href=\"https:\/\/photogenika.de\/wp-content\/uploads\/2024\/06\/03-Choraufnahmen-Gruppenfotos-scaled.jpg\" data-elementor-open-lightbox=\"yes\" data-elementor-lightbox-slideshow=\"c7a63eb\" data-elementor-lightbox-title=\"Choraufnahmen Gruppenfotos\" data-e-action-hash=\"#elementor-action%3Aaction%3Dlightbox%26settings%3DeyJpZCI6MzM4NjQsInVybCI6Imh0dHBzOlwvXC9waG90b2dlbmlrYS5kZVwvd3AtY29udGVudFwvdXBsb2Fkc1wvMjAyNFwvMDZcLzAzLUNob3JhdWZuYWhtZW4tR3J1cHBlbmZvdG9zLXNjYWxlZC5qcGciLCJzbGlkZXNob3ciOiJjN2E2M2ViIn0%3D\">\n\t\t\t\t\t<div class=\"e-gallery-image elementor-gallery-item__image\" data-thumbnail=\"https:\/\/photogenika.de\/wp-content\/uploads\/2024\/06\/03-Choraufnahmen-Gruppenfotos-768x512.jpg\" data-width=\"768\" data-height=\"512\" aria-label=\"Group photo at the railway museum with choir members and locomotive, professional portrait, German museum and music event.\" role=\"img\" ><\/div>\n\t\t\t\t\t\t\t\t\t\t\t<div class=\"elementor-gallery-item__overlay\"><\/div>\n\t\t\t\t\t\t\t\t\t\t\t\t\t\t<\/a>\n\t\t\t\t\t\t\t<a class=\"e-gallery-item elementor-gallery-item elementor-animated-content\" href=\"https:\/\/photogenika.de\/wp-content\/uploads\/2024\/06\/04-Chorfotografie-Verkehrsmuseum-Muenchen-scaled.jpg\" data-elementor-open-lightbox=\"yes\" data-elementor-lightbox-slideshow=\"c7a63eb\" data-elementor-lightbox-title=\"Chorfotografie Verkehrsmuseum M\u00fcnchen\" data-elementor-lightbox-description=\"Ein repr\u00e4sentatives Teamfoto von Mitarbeitern des Museumsbahnhofs, im Vintage-Bahnhof, historische Atmosph\u00e4re.\" data-e-action-hash=\"#elementor-action%3Aaction%3Dlightbox%26settings%3DeyJpZCI6MzM4NjUsInVybCI6Imh0dHBzOlwvXC9waG90b2dlbmlrYS5kZVwvd3AtY29udGVudFwvdXBsb2Fkc1wvMjAyNFwvMDZcLzA0LUNob3Jmb3RvZ3JhZmllLVZlcmtlaHJzbXVzZXVtLU11ZW5jaGVuLXNjYWxlZC5qcGciLCJzbGlkZXNob3ciOiJjN2E2M2ViIn0%3D\">\n\t\t\t\t\t<div class=\"e-gallery-image elementor-gallery-item__image\" data-thumbnail=\"https:\/\/photogenika.de\/wp-content\/uploads\/2024\/06\/04-Chorfotografie-Verkehrsmuseum-Muenchen-768x512.jpg\" data-width=\"768\" data-height=\"512\" aria-label=\"Choir members in choir attire in front of a historic train station, with an old railway train in the background.\" role=\"img\" ><\/div>\n\t\t\t\t\t\t\t\t\t\t\t<div class=\"elementor-gallery-item__overlay\"><\/div>\n\t\t\t\t\t\t\t\t\t\t\t\t\t\t<\/a>\n\t\t\t\t\t<\/div>\n\t\t\t\t\t<\/div>\n\t\t\t\t<\/div>\n\t\t\t\t<div class=\"elementor-element elementor-element-f44526a elementor-widget elementor-widget-spacer\" data-id=\"f44526a\" data-element_type=\"widget\" data-e-type=\"widget\" data-widget_type=\"spacer.default\">\n\t\t\t\t<div class=\"elementor-widget-container\">\n\t\t\t\t\t\t\t<div class=\"elementor-spacer\">\n\t\t\t<div class=\"elementor-spacer-inner\"><\/div>\n\t\t<\/div>\n\t\t\t\t\t\t<\/div>\n\t\t\t\t<\/div>\n\t\t\t\t<div class=\"elementor-element elementor-element-eff6d2e elementor-widget elementor-widget-heading\" data-id=\"eff6d2e\" data-element_type=\"widget\" data-e-type=\"widget\" data-widget_type=\"heading.default\">\n\t\t\t\t<div class=\"elementor-widget-container\">\n\t\t\t\t\t<h3 class=\"elementor-heading-title elementor-size-default\">How Photos Influence the Perception of a Choir<\/h3>\t\t\t\t<\/div>\n\t\t\t\t<\/div>\n\t\t\t\t<div class=\"elementor-element elementor-element-112be34 elementor-widget elementor-widget-text-editor\" data-id=\"112be34\" data-element_type=\"widget\" data-e-type=\"widget\" data-widget_type=\"text-editor.default\">\n\t\t\t\t<div class=\"elementor-widget-container\">\n\t\t\t\t\t\t\t\t\t<p>The selected photos were used not only for the anniversary brochure, but also to increase the public perception of the choir. Professional and appealing images can significantly increase the attractiveness of a choir and help to attract a wider audience. Especially in a creative and lively environment such as a museum, where candid images are created, the photos show the lively and creative side of the choir, which in turn arouses interest and enthusiasm among potential listeners and supporters.<\/p>\t\t\t\t\t\t\t\t<\/div>\n\t\t\t\t<\/div>\n\t\t\t\t<div class=\"elementor-element elementor-element-daf4e8a elementor-widget elementor-widget-spacer\" data-id=\"daf4e8a\" data-element_type=\"widget\" data-e-type=\"widget\" data-widget_type=\"spacer.default\">\n\t\t\t\t<div class=\"elementor-widget-container\">\n\t\t\t\t\t\t\t<div class=\"elementor-spacer\">\n\t\t\t<div class=\"elementor-spacer-inner\"><\/div>\n\t\t<\/div>\n\t\t\t\t\t\t<\/div>\n\t\t\t\t<\/div>\n\t\t\t\t<div class=\"elementor-element elementor-element-1163b5e elementor-widget elementor-widget-image\" data-id=\"1163b5e\" data-element_type=\"widget\" data-e-type=\"widget\" data-widget_type=\"image.default\">\n\t\t\t\t<div class=\"elementor-widget-container\">\n\t\t\t\t\t\t\t\t\t\t\t\t\t\t\t<img fetchpriority=\"high\" decoding=\"async\" width=\"1536\" height=\"1023\" src=\"https:\/\/photogenika.de\/wp-content\/uploads\/2024\/06\/05-Chorbilder-Gruppenfoto-1536x1023.jpg\" class=\"attachment-1536x1536 size-1536x1536 wp-image-33866\" alt=\"Group photo of choir members in modern hall.\" srcset=\"https:\/\/photogenika.de\/wp-content\/uploads\/2024\/06\/05-Chorbilder-Gruppenfoto-1536x1023.jpg 1536w, https:\/\/photogenika.de\/wp-content\/uploads\/2024\/06\/05-Chorbilder-Gruppenfoto-300x200.jpg 300w, https:\/\/photogenika.de\/wp-content\/uploads\/2024\/06\/05-Chorbilder-Gruppenfoto-1024x682.jpg 1024w, https:\/\/photogenika.de\/wp-content\/uploads\/2024\/06\/05-Chorbilder-Gruppenfoto-768x511.jpg 768w, https:\/\/photogenika.de\/wp-content\/uploads\/2024\/06\/05-Chorbilder-Gruppenfoto-scaled.jpg 1800w, https:\/\/photogenika.de\/wp-content\/uploads\/2024\/06\/05-Chorbilder-Gruppenfoto-18x12.jpg 18w\" sizes=\"(max-width: 1536px) 100vw, 1536px\" \/>\t\t\t\t\t\t\t\t\t\t\t\t\t\t\t<\/div>\n\t\t\t\t<\/div>\n\t\t\t\t<div class=\"elementor-element elementor-element-db20a57 elementor-widget elementor-widget-spacer\" data-id=\"db20a57\" data-element_type=\"widget\" data-e-type=\"widget\" data-widget_type=\"spacer.default\">\n\t\t\t\t<div class=\"elementor-widget-container\">\n\t\t\t\t\t\t\t<div class=\"elementor-spacer\">\n\t\t\t<div class=\"elementor-spacer-inner\"><\/div>\n\t\t<\/div>\n\t\t\t\t\t\t<\/div>\n\t\t\t\t<\/div>\n\t\t\t\t<div class=\"elementor-element elementor-element-8824422 elementor-widget elementor-widget-heading\" data-id=\"8824422\" data-element_type=\"widget\" data-e-type=\"widget\" data-widget_type=\"heading.default\">\n\t\t\t\t<div class=\"elementor-widget-container\">\n\t\t\t\t\t<h2 class=\"elementor-heading-title elementor-size-default\">Planning and preparing the shoot<\/h2>\t\t\t\t<\/div>\n\t\t\t\t<\/div>\n\t\t\t\t<div class=\"elementor-element elementor-element-85d6bbb elementor-widget elementor-widget-heading\" data-id=\"85d6bbb\" data-element_type=\"widget\" data-e-type=\"widget\" data-widget_type=\"heading.default\">\n\t\t\t\t<div class=\"elementor-widget-container\">\n\t\t\t\t\t<h3 class=\"elementor-heading-title elementor-size-default\">brainstorming and idea generation<\/h3>\t\t\t\t<\/div>\n\t\t\t\t<\/div>\n\t\t\t\t<div class=\"elementor-element elementor-element-9e2ea27 elementor-widget elementor-widget-text-editor\" data-id=\"9e2ea27\" data-element_type=\"widget\" data-e-type=\"widget\" data-widget_type=\"text-editor.default\">\n\t\t\t\t<div class=\"elementor-widget-container\">\n\t\t\t\t\t\t\t\t\t<p>As a photographer at Photogenika, I was tasked with creating fresh and dynamic photos for the Via Nova choir&#039;s 50th anniversary. Brainstorming with the choir was intense, as we wanted to avoid the images looking stiff or boring. We looked for creative approaches to capture the individuality of each member and the spirit of the group.<\/p>\t\t\t\t\t\t\t\t<\/div>\n\t\t\t\t<\/div>\n\t\t\t\t<div class=\"elementor-element elementor-element-694d69f elementor-widget elementor-widget-heading\" data-id=\"694d69f\" data-element_type=\"widget\" data-e-type=\"widget\" data-widget_type=\"heading.default\">\n\t\t\t\t<div class=\"elementor-widget-container\">\n\t\t\t\t\t<h3 class=\"elementor-heading-title elementor-size-default\">choice of location<\/h3>\t\t\t\t<\/div>\n\t\t\t\t<\/div>\n\t\t\t\t<div class=\"elementor-element elementor-element-d9e6ff1 elementor-widget elementor-widget-text-editor\" data-id=\"d9e6ff1\" data-element_type=\"widget\" data-e-type=\"widget\" data-widget_type=\"text-editor.default\">\n\t\t\t\t<div class=\"elementor-widget-container\">\n\t\t\t\t\t\t\t\t\t<p>Finding the perfect location in Munich wasn&#039;t easy, but it was crucial for the success of the photos. Shortly before the planned date, we received confirmation from the Munich Transport Museum. This extraordinary location offered us the opportunity to take photos in a creative and historical environment, which gave the pictures a special touch.<\/p>\t\t\t\t\t\t\t\t<\/div>\n\t\t\t\t<\/div>\n\t\t\t\t<div class=\"elementor-element elementor-element-533c985 elementor-widget elementor-widget-heading\" data-id=\"533c985\" data-element_type=\"widget\" data-e-type=\"widget\" data-widget_type=\"heading.default\">\n\t\t\t\t<div class=\"elementor-widget-container\">\n\t\t\t\t\t<h3 class=\"elementor-heading-title elementor-size-default\">organization of the choir members<\/h3>\t\t\t\t<\/div>\n\t\t\t\t<\/div>\n\t\t\t\t<div class=\"elementor-element elementor-element-f8267b1 elementor-widget elementor-widget-text-editor\" data-id=\"f8267b1\" data-element_type=\"widget\" data-e-type=\"widget\" data-widget_type=\"text-editor.default\">\n\t\t\t\t<div class=\"elementor-widget-container\">\n\t\t\t\t\t\t\t\t\t<p>The weather was beautiful on the day of the shoot. All choir members came in civilian clothes and later changed into their official choir clothing. The photo shoot in the museum cleverly integrated the old trains and trams, which resulted in beautiful and candid pictures.<\/p>\t\t\t\t\t\t\t\t<\/div>\n\t\t\t\t<\/div>\n\t\t\t\t<div class=\"elementor-element elementor-element-716f167 elementor-widget elementor-widget-spacer\" data-id=\"716f167\" data-element_type=\"widget\" data-e-type=\"widget\" data-widget_type=\"spacer.default\">\n\t\t\t\t<div class=\"elementor-widget-container\">\n\t\t\t\t\t\t\t<div class=\"elementor-spacer\">\n\t\t\t<div class=\"elementor-spacer-inner\"><\/div>\n\t\t<\/div>\n\t\t\t\t\t\t<\/div>\n\t\t\t\t<\/div>\n\t\t\t\t<div class=\"elementor-element elementor-element-6029ed1 elementor-widget elementor-widget-image\" data-id=\"6029ed1\" data-element_type=\"widget\" data-e-type=\"widget\" data-widget_type=\"image.default\">\n\t\t\t\t<div class=\"elementor-widget-container\">\n\t\t\t\t\t\t\t\t\t\t\t\t\t\t\t<img decoding=\"async\" width=\"1536\" height=\"1536\" src=\"https:\/\/photogenika.de\/wp-content\/uploads\/2024\/06\/06-Chorbilder-Gruppenfotos-1536x1536.jpg\" class=\"attachment-1536x1536 size-1536x1536 wp-image-33867\" alt=\"Group photo with dirndl and suit on modern auditorium steps in light-filled building.\" srcset=\"https:\/\/photogenika.de\/wp-content\/uploads\/2024\/06\/06-Chorbilder-Gruppenfotos-1536x1536.jpg 1536w, https:\/\/photogenika.de\/wp-content\/uploads\/2024\/06\/06-Chorbilder-Gruppenfotos-300x300.jpg 300w, https:\/\/photogenika.de\/wp-content\/uploads\/2024\/06\/06-Chorbilder-Gruppenfotos-1024x1024.jpg 1024w, https:\/\/photogenika.de\/wp-content\/uploads\/2024\/06\/06-Chorbilder-Gruppenfotos-150x150.jpg 150w, https:\/\/photogenika.de\/wp-content\/uploads\/2024\/06\/06-Chorbilder-Gruppenfotos-768x768.jpg 768w, https:\/\/photogenika.de\/wp-content\/uploads\/2024\/06\/06-Chorbilder-Gruppenfotos-scaled.jpg 1800w, https:\/\/photogenika.de\/wp-content\/uploads\/2024\/06\/06-Chorbilder-Gruppenfotos-12x12.jpg 12w, https:\/\/photogenika.de\/wp-content\/uploads\/2024\/06\/06-Chorbilder-Gruppenfotos-650x650.jpg 650w, https:\/\/photogenika.de\/wp-content\/uploads\/2024\/06\/06-Chorbilder-Gruppenfotos-1300x1300.jpg 1300w\" sizes=\"(max-width: 1536px) 100vw, 1536px\" \/>\t\t\t\t\t\t\t\t\t\t\t\t\t\t\t<\/div>\n\t\t\t\t<\/div>\n\t\t\t\t<div class=\"elementor-element elementor-element-4d07ef0 elementor-widget elementor-widget-spacer\" data-id=\"4d07ef0\" data-element_type=\"widget\" data-e-type=\"widget\" data-widget_type=\"spacer.default\">\n\t\t\t\t<div class=\"elementor-widget-container\">\n\t\t\t\t\t\t\t<div class=\"elementor-spacer\">\n\t\t\t<div class=\"elementor-spacer-inner\"><\/div>\n\t\t<\/div>\n\t\t\t\t\t\t<\/div>\n\t\t\t\t<\/div>\n\t\t\t\t<div class=\"elementor-element elementor-element-edba981 elementor-widget elementor-widget-heading\" data-id=\"edba981\" data-element_type=\"widget\" data-e-type=\"widget\" data-widget_type=\"heading.default\">\n\t\t\t\t<div class=\"elementor-widget-container\">\n\t\t\t\t\t<h2 class=\"elementor-heading-title elementor-size-default\">The photo shoot at the Munich Transport Museum<\/h2>\t\t\t\t<\/div>\n\t\t\t\t<\/div>\n\t\t\t\t<div class=\"elementor-element elementor-element-c4aecef elementor-widget elementor-widget-heading\" data-id=\"c4aecef\" data-element_type=\"widget\" data-e-type=\"widget\" data-widget_type=\"heading.default\">\n\t\t\t\t<div class=\"elementor-widget-container\">\n\t\t\t\t\t<h3 class=\"elementor-heading-title elementor-size-default\">experiences and challenges<\/h3>\t\t\t\t<\/div>\n\t\t\t\t<\/div>\n\t\t\t\t<div class=\"elementor-element elementor-element-96af5dd elementor-widget elementor-widget-text-editor\" data-id=\"96af5dd\" data-element_type=\"widget\" data-e-type=\"widget\" data-widget_type=\"text-editor.default\">\n\t\t\t\t<div class=\"elementor-widget-container\">\n\t\t\t\t\t\t\t\t\t<p>The challenge of creating fresh photos for the 50th anniversary of the Via Nova choir led us to the Munich Transport Museum. This unique location enabled creative and historical shots.<\/p>\t\t\t\t\t\t\t\t<\/div>\n\t\t\t\t<\/div>\n\t\t\t\t<div class=\"elementor-element elementor-element-238836b elementor-widget elementor-widget-heading\" data-id=\"238836b\" data-element_type=\"widget\" data-e-type=\"widget\" data-widget_type=\"heading.default\">\n\t\t\t\t<div class=\"elementor-widget-container\">\n\t\t\t\t\t<h3 class=\"elementor-heading-title elementor-size-default\">Creative use of the location<\/h3>\t\t\t\t<\/div>\n\t\t\t\t<\/div>\n\t\t\t\t<div class=\"elementor-element elementor-element-56ff7eb elementor-widget elementor-widget-text-editor\" data-id=\"56ff7eb\" data-element_type=\"widget\" data-e-type=\"widget\" data-widget_type=\"text-editor.default\">\n\t\t\t\t<div class=\"elementor-widget-container\">\n\t\t\t\t\t\t\t\t\t<p>We cleverly integrated the old trains and trams in the museum into the photo shoot. This backdrop made it possible to take very beautiful and candid pictures. We used large areas and space to be creative, and the official choir clothing gave the photos an elegant touch. A highlight was the opportunity to take photos in an antique tram, which was perfect for group photos.<\/p>\t\t\t\t\t\t\t\t<\/div>\n\t\t\t\t<\/div>\n\t\t\t\t<div class=\"elementor-element elementor-element-8f1283f elementor-widget elementor-widget-heading\" data-id=\"8f1283f\" data-element_type=\"widget\" data-e-type=\"widget\" data-widget_type=\"heading.default\">\n\t\t\t\t<div class=\"elementor-widget-container\">\n\t\t\t\t\t<h3 class=\"elementor-heading-title elementor-size-default\">Reactions of choir members and visitors<\/h3>\t\t\t\t<\/div>\n\t\t\t\t<\/div>\n\t\t\t\t<div class=\"elementor-element elementor-element-c0291c5 elementor-widget elementor-widget-text-editor\" data-id=\"c0291c5\" data-element_type=\"widget\" data-e-type=\"widget\" data-widget_type=\"text-editor.default\">\n\t\t\t\t<div class=\"elementor-widget-container\">\n\t\t\t\t\t\t\t\t\t<p>The choir members were in good spirits and the beautiful weather contributed to a relaxed atmosphere. Museum visitors and families sometimes looked puzzled at the camera tripod, the lighting setup and the large group of people. In the end we found a free area where there was no exhibition taking place, which allowed us to try out different group photos. The reaction to the pictures was positive and they were used in the brochures for the current concerts.<\/p>\t\t\t\t\t\t\t\t<\/div>\n\t\t\t\t<\/div>\n\t\t\t\t<div class=\"elementor-element elementor-element-27b2843 elementor-widget elementor-widget-spacer\" data-id=\"27b2843\" data-element_type=\"widget\" data-e-type=\"widget\" data-widget_type=\"spacer.default\">\n\t\t\t\t<div class=\"elementor-widget-container\">\n\t\t\t\t\t\t\t<div class=\"elementor-spacer\">\n\t\t\t<div class=\"elementor-spacer-inner\"><\/div>\n\t\t<\/div>\n\t\t\t\t\t\t<\/div>\n\t\t\t\t<\/div>\n\t\t\t\t<div class=\"elementor-element elementor-element-9fbb7c2 elementor-widget elementor-widget-gallery\" data-id=\"9fbb7c2\" data-element_type=\"widget\" data-e-type=\"widget\" data-settings=\"{&quot;columns&quot;:2,&quot;lazyload&quot;:&quot;yes&quot;,&quot;gallery_layout&quot;:&quot;grid&quot;,&quot;columns_tablet&quot;:2,&quot;columns_mobile&quot;:1,&quot;gap&quot;:{&quot;unit&quot;:&quot;px&quot;,&quot;size&quot;:10,&quot;sizes&quot;:[]},&quot;gap_tablet&quot;:{&quot;unit&quot;:&quot;px&quot;,&quot;size&quot;:10,&quot;sizes&quot;:[]},&quot;gap_mobile&quot;:{&quot;unit&quot;:&quot;px&quot;,&quot;size&quot;:10,&quot;sizes&quot;:[]},&quot;link_to&quot;:&quot;file&quot;,&quot;aspect_ratio&quot;:&quot;3:2&quot;,&quot;overlay_background&quot;:&quot;yes&quot;,&quot;content_hover_animation&quot;:&quot;fade-in&quot;}\" data-widget_type=\"gallery.default\">\n\t\t\t\t<div class=\"elementor-widget-container\">\n\t\t\t\t\t\t\t<div class=\"elementor-gallery__container\">\n\t\t\t\t\t\t\t<a class=\"e-gallery-item elementor-gallery-item elementor-animated-content\" href=\"https:\/\/photogenika.de\/wp-content\/uploads\/2024\/06\/07-Fotografie-fuer-Choere-Gruppe-Frauen-scaled.jpg\" data-elementor-open-lightbox=\"yes\" data-elementor-lightbox-slideshow=\"9fbb7c2\" data-elementor-lightbox-title=\"Fotografie f\u00fcr Ch\u00f6re Gruppe Frauen\" data-elementor-lightbox-description=\"Eine Gruppe von Frauen in eleganter Kleidung steht vor gro\u00dfen Fenstern, professionell fotografiert f\u00fcr hochwertige Fotografie bei Photogenika.\" data-e-action-hash=\"#elementor-action%3Aaction%3Dlightbox%26settings%3DeyJpZCI6MzM4NjgsInVybCI6Imh0dHBzOlwvXC9waG90b2dlbmlrYS5kZVwvd3AtY29udGVudFwvdXBsb2Fkc1wvMjAyNFwvMDZcLzA3LUZvdG9ncmFmaWUtZnVlci1DaG9lcmUtR3J1cHBlLUZyYXVlbi1zY2FsZWQuanBnIiwic2xpZGVzaG93IjoiOWZiYjdjMiJ9\">\n\t\t\t\t\t<div class=\"e-gallery-image elementor-gallery-item__image\" data-thumbnail=\"https:\/\/photogenika.de\/wp-content\/uploads\/2024\/06\/07-Fotografie-fuer-Choere-Gruppe-Frauen-768x512.jpg\" data-width=\"768\" data-height=\"512\" aria-label=\"Friendly women&#039;s ensemble in black blouses and blue skirts in front of large windows at photo genika\" role=\"img\" ><\/div>\n\t\t\t\t\t\t\t\t\t\t\t<div class=\"elementor-gallery-item__overlay\"><\/div>\n\t\t\t\t\t\t\t\t\t\t\t\t\t\t<\/a>\n\t\t\t\t\t\t\t<a class=\"e-gallery-item elementor-gallery-item elementor-animated-content\" href=\"https:\/\/photogenika.de\/wp-content\/uploads\/2024\/06\/08-Chorfotos-Gruppe-Frauen-scaled.jpg\" data-elementor-open-lightbox=\"yes\" data-elementor-lightbox-slideshow=\"9fbb7c2\" data-elementor-lightbox-title=\"Chorfotos Gruppe Frauen\" data-e-action-hash=\"#elementor-action%3Aaction%3Dlightbox%26settings%3DeyJpZCI6MzM4NjksInVybCI6Imh0dHBzOlwvXC9waG90b2dlbmlrYS5kZVwvd3AtY29udGVudFwvdXBsb2Fkc1wvMjAyNFwvMDZcLzA4LUNob3Jmb3Rvcy1HcnVwcGUtRnJhdWVuLXNjYWxlZC5qcGciLCJzbGlkZXNob3ciOiI5ZmJiN2MyIn0%3D\">\n\t\t\t\t\t<div class=\"e-gallery-image elementor-gallery-item__image\" data-thumbnail=\"https:\/\/photogenika.de\/wp-content\/uploads\/2024\/06\/08-Chorfotos-Gruppe-Frauen-768x512.jpg\" data-width=\"768\" data-height=\"512\" aria-label=\"Civil courage, girl power, life experience, creativity, team spirit, diversity, inspiration, community, empowerment, success, women&#039;s football.\" role=\"img\" ><\/div>\n\t\t\t\t\t\t\t\t\t\t\t<div class=\"elementor-gallery-item__overlay\"><\/div>\n\t\t\t\t\t\t\t\t\t\t\t\t\t\t<\/a>\n\t\t\t\t\t\t\t<a class=\"e-gallery-item elementor-gallery-item elementor-animated-content\" href=\"https:\/\/photogenika.de\/wp-content\/uploads\/2024\/06\/09-Fotoshooting-Chor-Maenner-scaled.jpg\" data-elementor-open-lightbox=\"yes\" data-elementor-lightbox-slideshow=\"9fbb7c2\" data-elementor-lightbox-title=\"Fotoshooting Chor M\u00e4nner\" data-elementor-lightbox-description=\"Professionelle Aufnahme eines M\u00e4nnerchors in schwarzen Anz\u00fcgen mit blauen Krawatten, Fotoproduktion f\u00fcr Musikgruppen, Indoor-Setting, hochwertige Bildqualit\u00e4t.\" data-e-action-hash=\"#elementor-action%3Aaction%3Dlightbox%26settings%3DeyJpZCI6MzM4NzAsInVybCI6Imh0dHBzOlwvXC9waG90b2dlbmlrYS5kZVwvd3AtY29udGVudFwvdXBsb2Fkc1wvMjAyNFwvMDZcLzA5LUZvdG9zaG9vdGluZy1DaG9yLU1hZW5uZXItc2NhbGVkLmpwZyIsInNsaWRlc2hvdyI6IjlmYmI3YzIifQ%3D%3D\">\n\t\t\t\t\t<div class=\"e-gallery-image elementor-gallery-item__image\" data-thumbnail=\"https:\/\/photogenika.de\/wp-content\/uploads\/2024\/06\/09-Fotoshooting-Chor-Maenner-768x512.jpg\" data-width=\"768\" data-height=\"512\" aria-label=\"professional male choir in black suits with blue ties, group photo, indoor, modern office environment\" role=\"img\" ><\/div>\n\t\t\t\t\t\t\t\t\t\t\t<div class=\"elementor-gallery-item__overlay\"><\/div>\n\t\t\t\t\t\t\t\t\t\t\t\t\t\t<\/a>\n\t\t\t\t\t\t\t<a class=\"e-gallery-item elementor-gallery-item elementor-animated-content\" href=\"https:\/\/photogenika.de\/wp-content\/uploads\/2024\/06\/10-Fotoshooting-Chormitglieder-Maenner-scaled.jpg\" data-elementor-open-lightbox=\"yes\" data-elementor-lightbox-slideshow=\"9fbb7c2\" data-elementor-lightbox-title=\"Fotoshooting Chormitglieder M\u00e4nner\" data-elementor-lightbox-description=\"Ein M\u00e4nnerchor in schwarzen Anz\u00fcgen mit blauen Krawatten steht in einem hellen, modernen Raum.\" data-e-action-hash=\"#elementor-action%3Aaction%3Dlightbox%26settings%3DeyJpZCI6MzM4NzEsInVybCI6Imh0dHBzOlwvXC9waG90b2dlbmlrYS5kZVwvd3AtY29udGVudFwvdXBsb2Fkc1wvMjAyNFwvMDZcLzEwLUZvdG9zaG9vdGluZy1DaG9ybWl0Z2xpZWRlci1NYWVubmVyLXNjYWxlZC5qcGciLCJzbGlkZXNob3ciOiI5ZmJiN2MyIn0%3D\">\n\t\t\t\t\t<div class=\"e-gallery-image elementor-gallery-item__image\" data-thumbnail=\"https:\/\/photogenika.de\/wp-content\/uploads\/2024\/06\/10-Fotoshooting-Chormitglieder-Maenner-768x512.jpg\" data-width=\"768\" data-height=\"512\" aria-label=\"Formal men&#039;s wardrobe with black suits and blue ties in front of large windows in a modern room.\" role=\"img\" ><\/div>\n\t\t\t\t\t\t\t\t\t\t\t<div class=\"elementor-gallery-item__overlay\"><\/div>\n\t\t\t\t\t\t\t\t\t\t\t\t\t\t<\/a>\n\t\t\t\t\t<\/div>\n\t\t\t\t\t<\/div>\n\t\t\t\t<\/div>\n\t\t\t\t<div class=\"elementor-element elementor-element-cde7e69 elementor-widget elementor-widget-gallery\" data-id=\"cde7e69\" data-element_type=\"widget\" data-e-type=\"widget\" data-settings=\"{&quot;columns&quot;:2,&quot;lazyload&quot;:&quot;yes&quot;,&quot;gallery_layout&quot;:&quot;grid&quot;,&quot;columns_tablet&quot;:2,&quot;columns_mobile&quot;:1,&quot;gap&quot;:{&quot;unit&quot;:&quot;px&quot;,&quot;size&quot;:10,&quot;sizes&quot;:[]},&quot;gap_tablet&quot;:{&quot;unit&quot;:&quot;px&quot;,&quot;size&quot;:10,&quot;sizes&quot;:[]},&quot;gap_mobile&quot;:{&quot;unit&quot;:&quot;px&quot;,&quot;size&quot;:10,&quot;sizes&quot;:[]},&quot;link_to&quot;:&quot;file&quot;,&quot;aspect_ratio&quot;:&quot;3:2&quot;,&quot;overlay_background&quot;:&quot;yes&quot;,&quot;content_hover_animation&quot;:&quot;fade-in&quot;}\" data-widget_type=\"gallery.default\">\n\t\t\t\t<div class=\"elementor-widget-container\">\n\t\t\t\t\t\t\t<div class=\"elementor-gallery__container\">\n\t\t\t\t\t\t\t<a class=\"e-gallery-item elementor-gallery-item elementor-animated-content\" href=\"https:\/\/photogenika.de\/wp-content\/uploads\/2024\/06\/12-Chorportrait-scaled.jpg\" data-elementor-open-lightbox=\"yes\" data-elementor-lightbox-slideshow=\"cde7e69\" data-elementor-lightbox-title=\"Chorportrait\" data-elementor-lightbox-description=\"Das Bild zeigt eine elegante Frau mit freundlichem Blick, geeignet f\u00fcr Unternehmensmarketing, pers\u00f6nliche Profile und professionelle Pr\u00e4sentationen.\" data-e-action-hash=\"#elementor-action%3Aaction%3Dlightbox%26settings%3DeyJpZCI6MzM4NzMsInVybCI6Imh0dHBzOlwvXC9waG90b2dlbmlrYS5kZVwvd3AtY29udGVudFwvdXBsb2Fkc1wvMjAyNFwvMDZcLzEyLUNob3Jwb3J0cmFpdC1zY2FsZWQuanBnIiwic2xpZGVzaG93IjoiY2RlN2U2OSJ9\">\n\t\t\t\t\t<div class=\"e-gallery-image elementor-gallery-item__image\" data-thumbnail=\"https:\/\/photogenika.de\/wp-content\/uploads\/2024\/06\/12-Chorportrait-768x512.jpg\" data-width=\"768\" data-height=\"512\" aria-label=\"Portrait of a woman with brown hair and blue eyes, professional business photography, photo for website and application.\" role=\"img\" ><\/div>\n\t\t\t\t\t\t\t\t\t\t\t<div class=\"elementor-gallery-item__overlay\"><\/div>\n\t\t\t\t\t\t\t\t\t\t\t\t\t\t<\/a>\n\t\t\t\t\t\t\t<a class=\"e-gallery-item elementor-gallery-item elementor-animated-content\" href=\"https:\/\/photogenika.de\/wp-content\/uploads\/2024\/06\/13-Chorportraits-scaled.jpg\" data-elementor-open-lightbox=\"yes\" data-elementor-lightbox-slideshow=\"cde7e69\" data-elementor-lightbox-title=\"Chorportraits\" data-e-action-hash=\"#elementor-action%3Aaction%3Dlightbox%26settings%3DeyJpZCI6MzM4NzQsInVybCI6Imh0dHBzOlwvXC9waG90b2dlbmlrYS5kZVwvd3AtY29udGVudFwvdXBsb2Fkc1wvMjAyNFwvMDZcLzEzLUNob3Jwb3J0cmFpdHMtc2NhbGVkLmpwZyIsInNsaWRlc2hvdyI6ImNkZTdlNjkifQ%3D%3D\">\n\t\t\t\t\t<div class=\"e-gallery-image elementor-gallery-item__image\" data-thumbnail=\"https:\/\/photogenika.de\/wp-content\/uploads\/2024\/06\/13-Chorportraits-768x512.jpg\" data-width=\"768\" data-height=\"512\" aria-label=\"Portrait of a confident woman in a modern office, professional headshot, natural lighting, business woman, career, success.\" role=\"img\" ><\/div>\n\t\t\t\t\t\t\t\t\t\t\t<div class=\"elementor-gallery-item__overlay\"><\/div>\n\t\t\t\t\t\t\t\t\t\t\t\t\t\t<\/a>\n\t\t\t\t\t<\/div>\n\t\t\t\t\t<\/div>\n\t\t\t\t<\/div>\n\t\t\t\t<div class=\"elementor-element elementor-element-f35f6f9 elementor-widget elementor-widget-spacer\" data-id=\"f35f6f9\" data-element_type=\"widget\" data-e-type=\"widget\" data-widget_type=\"spacer.default\">\n\t\t\t\t<div class=\"elementor-widget-container\">\n\t\t\t\t\t\t\t<div class=\"elementor-spacer\">\n\t\t\t<div class=\"elementor-spacer-inner\"><\/div>\n\t\t<\/div>\n\t\t\t\t\t\t<\/div>\n\t\t\t\t<\/div>\n\t\t\t\t<div class=\"elementor-element elementor-element-0db2935 elementor-widget elementor-widget-heading\" data-id=\"0db2935\" data-element_type=\"widget\" data-e-type=\"widget\" data-widget_type=\"heading.default\">\n\t\t\t\t<div class=\"elementor-widget-container\">\n\t\t\t\t\t<h2 class=\"elementor-heading-title elementor-size-default\">use of the photos<\/h2>\t\t\t\t<\/div>\n\t\t\t\t<\/div>\n\t\t\t\t<div class=\"elementor-element elementor-element-957c22b elementor-widget elementor-widget-heading\" data-id=\"957c22b\" data-element_type=\"widget\" data-e-type=\"widget\" data-widget_type=\"heading.default\">\n\t\t\t\t<div class=\"elementor-widget-container\">\n\t\t\t\t\t<h3 class=\"elementor-heading-title elementor-size-default\">Results and selection of the best images<\/h3>\t\t\t\t<\/div>\n\t\t\t\t<\/div>\n\t\t\t\t<div class=\"elementor-element elementor-element-c406af7 elementor-widget elementor-widget-text-editor\" data-id=\"c406af7\" data-element_type=\"widget\" data-e-type=\"widget\" data-widget_type=\"text-editor.default\">\n\t\t\t\t<div class=\"elementor-widget-container\">\n\t\t\t\t\t\t\t\t\t<p>After intensive brainstorming and creative use of the Munich Transport Museum, we were able to capture impressive images of the choir. The candid shots in the antique tram and in front of the historic trains particularly stood out. These images were carefully selected to reflect the dynamism and spirit of the Via Nova choir.<\/p>\t\t\t\t\t\t\t\t<\/div>\n\t\t\t\t<\/div>\n\t\t\t\t<div class=\"elementor-element elementor-element-e0d3602 elementor-widget elementor-widget-heading\" data-id=\"e0d3602\" data-element_type=\"widget\" data-e-type=\"widget\" data-widget_type=\"heading.default\">\n\t\t\t\t<div class=\"elementor-widget-container\">\n\t\t\t\t\t<h3 class=\"elementor-heading-title elementor-size-default\">design of concert brochures<\/h3>\t\t\t\t<\/div>\n\t\t\t\t<\/div>\n\t\t\t\t<div class=\"elementor-element elementor-element-5689eb7 elementor-widget elementor-widget-text-editor\" data-id=\"5689eb7\" data-element_type=\"widget\" data-e-type=\"widget\" data-widget_type=\"text-editor.default\">\n\t\t\t\t<div class=\"elementor-widget-container\">\n\t\t\t\t\t\t\t\t\t<p>The selected photos were used in the brochures for the choir&#039;s anniversary concerts. As a photographer, it was a pleasure to see how my work helped to make the event visually appealing and thus attract the attention and interest of a wide audience.<\/p>\t\t\t\t\t\t\t\t<\/div>\n\t\t\t\t<\/div>\n\t\t\t\t<div class=\"elementor-element elementor-element-97db654 elementor-widget elementor-widget-heading\" data-id=\"97db654\" data-element_type=\"widget\" data-e-type=\"widget\" data-widget_type=\"heading.default\">\n\t\t\t\t<div class=\"elementor-widget-container\">\n\t\t\t\t\t<h3 class=\"elementor-heading-title elementor-size-default\">Long-term use and benefits for the choir<\/h3>\t\t\t\t<\/div>\n\t\t\t\t<\/div>\n\t\t\t\t<div class=\"elementor-element elementor-element-b27dbc7 elementor-widget elementor-widget-text-editor\" data-id=\"b27dbc7\" data-element_type=\"widget\" data-e-type=\"widget\" data-widget_type=\"text-editor.default\">\n\t\t\t\t<div class=\"elementor-widget-container\">\n\t\t\t\t\t\t\t\t\t<p>The photos are not only used in the short term for concert brochures, but also serve as an important resource for the presentation and promotion of the choir in the long term. They help to increase public awareness and attract new members and supporters. This shows how valuable professional choir photos can be for the continuous development and growth of a choir.<\/p><p>The experience of creating fresh and dynamic choral images for the Via Nova choir was challenging and rewarding. The commitment and creativity of everyone involved played a key role in capturing exceptional photographs in the Munich Transport Museum. These images are used in the concert brochures and are a valuable resource for the choir&#039;s representation and public perception. They capture the essence of the choir and tell its story visually.<\/p>\t\t\t\t\t\t\t\t<\/div>\n\t\t\t\t<\/div>\n\t\t\t\t\t<\/div>\n\t\t\t\t<\/div>\n\t\t\t\t<\/div>","protected":false},"excerpt":{"rendered":"<p>Als Teil des Teams von Photogenika, einem Fotostudio in M\u00fcnchen, begleitete ich k\u00fcrzlich ein au\u00dfergew\u00f6hnliches Chorfotografie-Projekt. Das Photogenika-Team hat in Zusammenarbeit mit dem Chor Via Nova Chorfotos, Choraufnahmen, Chorportraits und Gruppenfotos erstellt, die die Individualit\u00e4t jedes Chormitglieds und den einheitlichen Geist des Chors einfangen. In diesem Artikel nehmen wir Sie mit auf die Reise unseres [&hellip;]<\/p>\n","protected":false},"author":6,"featured_media":33864,"comment_status":"closed","ping_status":"closed","sticky":false,"template":"","format":"standard","meta":{"footnotes":""},"categories":[15,13],"tags":[],"class_list":["post-33897","post","type-post","status-publish","format-standard","has-post-thumbnail","hentry","category-firmenportrait-mitarbeiterfotos","category-portraitfotografie"],"_links":{"self":[{"href":"https:\/\/photogenika.de\/en\/wp-json\/wp\/v2\/posts\/33897","targetHints":{"allow":["GET"]}}],"collection":[{"href":"https:\/\/photogenika.de\/en\/wp-json\/wp\/v2\/posts"}],"about":[{"href":"https:\/\/photogenika.de\/en\/wp-json\/wp\/v2\/types\/post"}],"author":[{"embeddable":true,"href":"https:\/\/photogenika.de\/en\/wp-json\/wp\/v2\/users\/6"}],"replies":[{"embeddable":true,"href":"https:\/\/photogenika.de\/en\/wp-json\/wp\/v2\/comments?post=33897"}],"version-history":[{"count":0,"href":"https:\/\/photogenika.de\/en\/wp-json\/wp\/v2\/posts\/33897\/revisions"}],"wp:featuredmedia":[{"embeddable":true,"href":"https:\/\/photogenika.de\/en\/wp-json\/wp\/v2\/media\/33864"}],"wp:attachment":[{"href":"https:\/\/photogenika.de\/en\/wp-json\/wp\/v2\/media?parent=33897"}],"wp:term":[{"taxonomy":"category","embeddable":true,"href":"https:\/\/photogenika.de\/en\/wp-json\/wp\/v2\/categories?post=33897"},{"taxonomy":"post_tag","embeddable":true,"href":"https:\/\/photogenika.de\/en\/wp-json\/wp\/v2\/tags?post=33897"}],"curies":[{"name":"wp","href":"https:\/\/api.w.org\/{rel}","templated":true}]}}