{"id":33876,"date":"2024-08-16T09:07:00","date_gmt":"2024-08-16T07:07:00","guid":{"rendered":"https:\/\/photogenika.de\/?p=33876"},"modified":"2024-06-25T16:49:30","modified_gmt":"2024-06-25T14:49:30","slug":"trade-fair-photography-how-to-make-your-exhibition-stands-visible","status":"publish","type":"post","link":"https:\/\/photogenika.de\/en\/messe-fotografie-so-machen-sie-ihre-messestaende-sichtbar\/","title":{"rendered":"Trade fair photography: How to make your exhibition stands visible"},"content":{"rendered":"<div data-elementor-type=\"wp-post\" data-elementor-id=\"33876\" class=\"elementor elementor-33876\" data-elementor-settings=\"{&quot;ha_cmc_init_switcher&quot;:&quot;no&quot;}\" data-elementor-post-type=\"post\">\n\t\t\t\t<div class=\"elementor-element elementor-element-399b1b3 e-flex e-con-boxed e-con e-parent\" data-id=\"399b1b3\" data-element_type=\"container\" data-e-type=\"container\">\n\t\t\t\t\t<div class=\"e-con-inner\">\n\t\t\t\t<div class=\"elementor-element elementor-element-b75e0ae elementor-widget elementor-widget-text-editor\" data-id=\"b75e0ae\" data-element_type=\"widget\" data-e-type=\"widget\" data-widget_type=\"text-editor.default\">\n\t\t\t\t<div class=\"elementor-widget-container\">\n\t\t\t\t\t\t\t\t\t<p>In the world of trade fair events, visualization is crucial for the success of a company. Trade fair photography plays a central role in this, as it captures and makes visible the uniqueness and innovative power of trade fair stands in an incomparable way. At the Productronica trade fair in Munich, we at Photogenika will be showing all facets of trade fair photography.<\/p>\t\t\t\t\t\t\t\t<\/div>\n\t\t\t\t<\/div>\n\t\t\t\t<div class=\"elementor-element elementor-element-133d95b elementor-widget elementor-widget-heading\" data-id=\"133d95b\" data-element_type=\"widget\" data-e-type=\"widget\" data-widget_type=\"heading.default\">\n\t\t\t\t<div class=\"elementor-widget-container\">\n\t\t\t\t\t<h2 class=\"elementor-heading-title elementor-size-default\">Visual journey through the trade fair Photography with S\u00fcss MicroTech<\/h2>\t\t\t\t<\/div>\n\t\t\t\t<\/div>\n\t\t\t\t<div class=\"elementor-element elementor-element-4b209d6 elementor-widget elementor-widget-text-editor\" data-id=\"4b209d6\" data-element_type=\"widget\" data-e-type=\"widget\" data-widget_type=\"text-editor.default\">\n\t\t\t\t<div class=\"elementor-widget-container\">\n\t\t\t\t\t\t\t\t\t<p>Our article takes you on a visual journey through our assignment for the company S\u00fcss MicroTech, captured through the lens of our talented photographer from Photogenika, who spends a day capturing the dynamism and lively impressions of a trade fair stand.<\/p>\t\t\t\t\t\t\t\t<\/div>\n\t\t\t\t<\/div>\n\t\t\t\t<div class=\"elementor-element elementor-element-4a912a6 elementor-widget elementor-widget-spacer\" data-id=\"4a912a6\" data-element_type=\"widget\" data-e-type=\"widget\" data-widget_type=\"spacer.default\">\n\t\t\t\t<div class=\"elementor-widget-container\">\n\t\t\t\t\t\t\t<div class=\"elementor-spacer\">\n\t\t\t<div class=\"elementor-spacer-inner\"><\/div>\n\t\t<\/div>\n\t\t\t\t\t\t<\/div>\n\t\t\t\t<\/div>\n\t\t\t\t<div class=\"elementor-element elementor-element-022d035 elementor-widget elementor-widget-gallery\" data-id=\"022d035\" data-element_type=\"widget\" data-e-type=\"widget\" data-settings=\"{&quot;columns&quot;:2,&quot;lazyload&quot;:&quot;yes&quot;,&quot;gallery_layout&quot;:&quot;grid&quot;,&quot;columns_tablet&quot;:2,&quot;columns_mobile&quot;:1,&quot;gap&quot;:{&quot;unit&quot;:&quot;px&quot;,&quot;size&quot;:10,&quot;sizes&quot;:[]},&quot;gap_tablet&quot;:{&quot;unit&quot;:&quot;px&quot;,&quot;size&quot;:10,&quot;sizes&quot;:[]},&quot;gap_mobile&quot;:{&quot;unit&quot;:&quot;px&quot;,&quot;size&quot;:10,&quot;sizes&quot;:[]},&quot;link_to&quot;:&quot;file&quot;,&quot;aspect_ratio&quot;:&quot;3:2&quot;,&quot;overlay_background&quot;:&quot;yes&quot;,&quot;content_hover_animation&quot;:&quot;fade-in&quot;}\" data-widget_type=\"gallery.default\">\n\t\t\t\t<div class=\"elementor-widget-container\">\n\t\t\t\t\t\t\t<div class=\"elementor-gallery__container\">\n\t\t\t\t\t\t\t<a class=\"e-gallery-item elementor-gallery-item elementor-animated-content\" href=\"https:\/\/photogenika.de\/wp-content\/uploads\/2024\/06\/16-Messestand-Vortrag-scaled.jpg\" data-elementor-open-lightbox=\"yes\" data-elementor-lightbox-slideshow=\"022d035\" data-elementor-lightbox-title=\"Messestand Vortrag\" data-elementor-lightbox-description=\"Ein Mann und eine Frau sprechen auf einer technischen Messe, im Hintergrund digitaler Bildschirm mit Pr\u00e4sentation \u00fcber Nano- und Mikrooptik-Technologie.\" data-e-action-hash=\"#elementor-action%3Aaction%3Dlightbox%26settings%3DeyJpZCI6MzM4NTUsInVybCI6Imh0dHBzOlwvXC9waG90b2dlbmlrYS5kZVwvd3AtY29udGVudFwvdXBsb2Fkc1wvMjAyNFwvMDZcLzE2LU1lc3Nlc3RhbmQtVm9ydHJhZy1zY2FsZWQuanBnIiwic2xpZGVzaG93IjoiMDIyZDAzNSJ9\">\n\t\t\t\t\t<div class=\"e-gallery-image elementor-gallery-item__image\" data-thumbnail=\"https:\/\/photogenika.de\/wp-content\/uploads\/2024\/06\/16-Messestand-Vortrag-768x511.jpg\" data-width=\"768\" data-height=\"511\" aria-label=\"Modern trade fair scene with S\u00fcss MicroTec presentation on digital display in Germany\" role=\"img\" ><\/div>\n\t\t\t\t\t\t\t\t\t\t\t<div class=\"elementor-gallery-item__overlay\"><\/div>\n\t\t\t\t\t\t\t\t\t\t\t\t\t\t<\/a>\n\t\t\t\t\t\t\t<a class=\"e-gallery-item elementor-gallery-item elementor-animated-content\" href=\"https:\/\/photogenika.de\/wp-content\/uploads\/2024\/06\/10-Produkte-Suess-MicroTech-scaled.jpg\" data-elementor-open-lightbox=\"yes\" data-elementor-lightbox-slideshow=\"022d035\" data-elementor-lightbox-title=\"Produkte S\u00fcss MicroTech\" data-elementor-lightbox-description=\"Innovativer Nanoprozessor im Fokus, die detailreiche, bunte Mikroskopaufnahme zeigt hochentwickelte Halbleiter f\u00fcr Elektronikqualit\u00e4t.\" data-e-action-hash=\"#elementor-action%3Aaction%3Dlightbox%26settings%3DeyJpZCI6MzM4NDksInVybCI6Imh0dHBzOlwvXC9waG90b2dlbmlrYS5kZVwvd3AtY29udGVudFwvdXBsb2Fkc1wvMjAyNFwvMDZcLzEwLVByb2R1a3RlLVN1ZXNzLU1pY3JvVGVjaC1zY2FsZWQuanBnIiwic2xpZGVzaG93IjoiMDIyZDAzNSJ9\">\n\t\t\t\t\t<div class=\"e-gallery-image elementor-gallery-item__image\" data-thumbnail=\"https:\/\/photogenika.de\/wp-content\/uploads\/2024\/06\/10-Produkte-Suess-MicroTech-768x511.jpg\" data-width=\"768\" data-height=\"511\" aria-label=\"Colorful nanoprocessor on display, view of modern semiconductor technology, microchips for electronics and high-tech.\" role=\"img\" ><\/div>\n\t\t\t\t\t\t\t\t\t\t\t<div class=\"elementor-gallery-item__overlay\"><\/div>\n\t\t\t\t\t\t\t\t\t\t\t\t\t\t<\/a>\n\t\t\t\t\t<\/div>\n\t\t\t\t\t<\/div>\n\t\t\t\t<\/div>\n\t\t\t\t<div class=\"elementor-element elementor-element-5b2c1c2 elementor-widget elementor-widget-spacer\" data-id=\"5b2c1c2\" data-element_type=\"widget\" data-e-type=\"widget\" data-widget_type=\"spacer.default\">\n\t\t\t\t<div class=\"elementor-widget-container\">\n\t\t\t\t\t\t\t<div class=\"elementor-spacer\">\n\t\t\t<div class=\"elementor-spacer-inner\"><\/div>\n\t\t<\/div>\n\t\t\t\t\t\t<\/div>\n\t\t\t\t<\/div>\n\t\t\t\t<div class=\"elementor-element elementor-element-af3a89b elementor-widget elementor-widget-heading\" data-id=\"af3a89b\" data-element_type=\"widget\" data-e-type=\"widget\" data-widget_type=\"heading.default\">\n\t\t\t\t<div class=\"elementor-widget-container\">\n\t\t\t\t\t<h2 class=\"elementor-heading-title elementor-size-default\">Importance of exhibition stand photography<\/h2>\t\t\t\t<\/div>\n\t\t\t\t<\/div>\n\t\t\t\t<div class=\"elementor-element elementor-element-65534d3 elementor-widget elementor-widget-text-editor\" data-id=\"65534d3\" data-element_type=\"widget\" data-e-type=\"widget\" data-widget_type=\"text-editor.default\">\n\t\t\t\t<div class=\"elementor-widget-container\">\n\t\t\t\t\t\t\t\t\t<p>We shed light on the importance of exhibition stand photography, discuss key elements for outstanding photos and share exclusive tips for successful exhibition stand photography. Our goal is to show how such unique moments can be captured on camera to make your exhibition stands visible and unforgettable.<\/p><p>Important elements for outstanding exhibition stand photos:<\/p><ul><li>Lighting: Highlighting the atmosphere and details of the exhibition stand.<\/li><li>Composition: Well-thought-out compositions direct the viewer\u2019s gaze.<\/li><li>Change of perspective: New and interesting views on the stand.<\/li><li>Dynamics and movement: Lively shots that capture the activity and interaction at the stand.<\/li><\/ul>\t\t\t\t\t\t\t\t<\/div>\n\t\t\t\t<\/div>\n\t\t\t\t<div class=\"elementor-element elementor-element-314ba32 elementor-widget elementor-widget-spacer\" data-id=\"314ba32\" data-element_type=\"widget\" data-e-type=\"widget\" data-widget_type=\"spacer.default\">\n\t\t\t\t<div class=\"elementor-widget-container\">\n\t\t\t\t\t\t\t<div class=\"elementor-spacer\">\n\t\t\t<div class=\"elementor-spacer-inner\"><\/div>\n\t\t<\/div>\n\t\t\t\t\t\t<\/div>\n\t\t\t\t<\/div>\n\t\t\t\t<div class=\"elementor-element elementor-element-4d8efc3 elementor-widget elementor-widget-gallery\" data-id=\"4d8efc3\" data-element_type=\"widget\" data-e-type=\"widget\" data-settings=\"{&quot;columns&quot;:2,&quot;aspect_ratio&quot;:&quot;4:3&quot;,&quot;lazyload&quot;:&quot;yes&quot;,&quot;gallery_layout&quot;:&quot;grid&quot;,&quot;columns_tablet&quot;:2,&quot;columns_mobile&quot;:1,&quot;gap&quot;:{&quot;unit&quot;:&quot;px&quot;,&quot;size&quot;:10,&quot;sizes&quot;:[]},&quot;gap_tablet&quot;:{&quot;unit&quot;:&quot;px&quot;,&quot;size&quot;:10,&quot;sizes&quot;:[]},&quot;gap_mobile&quot;:{&quot;unit&quot;:&quot;px&quot;,&quot;size&quot;:10,&quot;sizes&quot;:[]},&quot;link_to&quot;:&quot;file&quot;,&quot;overlay_background&quot;:&quot;yes&quot;,&quot;content_hover_animation&quot;:&quot;fade-in&quot;}\" data-widget_type=\"gallery.default\">\n\t\t\t\t<div class=\"elementor-widget-container\">\n\t\t\t\t\t\t\t<div class=\"elementor-gallery__container\">\n\t\t\t\t\t\t\t<a class=\"e-gallery-item elementor-gallery-item elementor-animated-content\" href=\"https:\/\/photogenika.de\/wp-content\/uploads\/2024\/06\/04-Messestand-Gespraeche-scaled.jpg\" data-elementor-open-lightbox=\"yes\" data-elementor-lightbox-slideshow=\"4d8efc3\" data-elementor-lightbox-title=\"Messestand Gespr\u00e4che\" data-elementor-lightbox-description=\"Gesch\u00e4ftsleute beim Austausch auf einer professionellen Konferenz in einer gro\u00dfen Messehalle.\" data-e-action-hash=\"#elementor-action%3Aaction%3Dlightbox%26settings%3DeyJpZCI6MzM4NDIsInVybCI6Imh0dHBzOlwvXC9waG90b2dlbmlrYS5kZVwvd3AtY29udGVudFwvdXBsb2Fkc1wvMjAyNFwvMDZcLzA0LU1lc3Nlc3RhbmQtR2VzcHJhZWNoZS1zY2FsZWQuanBnIiwic2xpZGVzaG93IjoiNGQ4ZWZjMyJ9\">\n\t\t\t\t\t<div class=\"e-gallery-image elementor-gallery-item__image\" data-thumbnail=\"https:\/\/photogenika.de\/wp-content\/uploads\/2024\/06\/04-Messestand-Gespraeche-768x511.jpg\" data-width=\"768\" data-height=\"511\" aria-label=\"Modern trade fair visitors in conversation at a trade fair in Germany.\" role=\"img\" ><\/div>\n\t\t\t\t\t\t\t\t\t\t\t<div class=\"elementor-gallery-item__overlay\"><\/div>\n\t\t\t\t\t\t\t\t\t\t\t\t\t\t<\/a>\n\t\t\t\t\t\t\t<a class=\"e-gallery-item elementor-gallery-item elementor-animated-content\" href=\"https:\/\/photogenika.de\/wp-content\/uploads\/2024\/06\/05-Messestand-Gespraeche-scaled.jpg\" data-elementor-open-lightbox=\"yes\" data-elementor-lightbox-slideshow=\"4d8efc3\" data-elementor-lightbox-title=\"Messestand Gespr\u00e4che\" data-elementor-lightbox-description=\"Unternehmergespr\u00e4ch im Gespr\u00e4ch bei einer beruflichen Messeveranstaltung.\" data-e-action-hash=\"#elementor-action%3Aaction%3Dlightbox%26settings%3DeyJpZCI6MzM4NDMsInVybCI6Imh0dHBzOlwvXC9waG90b2dlbmlrYS5kZVwvd3AtY29udGVudFwvdXBsb2Fkc1wvMjAyNFwvMDZcLzA1LU1lc3Nlc3RhbmQtR2VzcHJhZWNoZS1zY2FsZWQuanBnIiwic2xpZGVzaG93IjoiNGQ4ZWZjMyJ9\">\n\t\t\t\t\t<div class=\"e-gallery-image elementor-gallery-item__image\" data-thumbnail=\"https:\/\/photogenika.de\/wp-content\/uploads\/2024\/06\/05-Messestand-Gespraeche-768x511.jpg\" data-width=\"768\" data-height=\"511\" aria-label=\"High-quality human-to-human exchange at a business fair\" role=\"img\" ><\/div>\n\t\t\t\t\t\t\t\t\t\t\t<div class=\"elementor-gallery-item__overlay\"><\/div>\n\t\t\t\t\t\t\t\t\t\t\t\t\t\t<\/a>\n\t\t\t\t\t\t\t<a class=\"e-gallery-item elementor-gallery-item elementor-animated-content\" href=\"https:\/\/photogenika.de\/wp-content\/uploads\/2024\/06\/06a-Produkte-Suess-MicroTech-scaled.jpg\" data-elementor-open-lightbox=\"yes\" data-elementor-lightbox-slideshow=\"4d8efc3\" data-elementor-lightbox-title=\"Produkte S\u00fcss MicroTech\" data-elementor-lightbox-description=\"Das Bild zeigt einen Fachgespr\u00e4ch mit einem Experten, der modernste technische Ger\u00e4te demonstriert, um Besucher \u00fcber Innovationen zu informieren.\" data-e-action-hash=\"#elementor-action%3Aaction%3Dlightbox%26settings%3DeyJpZCI6MzM4NDQsInVybCI6Imh0dHBzOlwvXC9waG90b2dlbmlrYS5kZVwvd3AtY29udGVudFwvdXBsb2Fkc1wvMjAyNFwvMDZcLzA2YS1Qcm9kdWt0ZS1TdWVzcy1NaWNyb1RlY2gtc2NhbGVkLmpwZyIsInNsaWRlc2hvdyI6IjRkOGVmYzMifQ%3D%3D\">\n\t\t\t\t\t<div class=\"e-gallery-image elementor-gallery-item__image\" data-thumbnail=\"https:\/\/photogenika.de\/wp-content\/uploads\/2024\/06\/06a-Produkte-Suess-MicroTech-768x511.jpg\" data-width=\"768\" data-height=\"511\" aria-label=\"High-tech presentation at a trade fair, engineer shows innovative devices to an interested audience.\" role=\"img\" ><\/div>\n\t\t\t\t\t\t\t\t\t\t\t<div class=\"elementor-gallery-item__overlay\"><\/div>\n\t\t\t\t\t\t\t\t\t\t\t\t\t\t<\/a>\n\t\t\t\t\t\t\t<a class=\"e-gallery-item elementor-gallery-item elementor-animated-content\" href=\"https:\/\/photogenika.de\/wp-content\/uploads\/2024\/06\/06b-Produkte-Suess-MicroTech-scaled.jpg\" data-elementor-open-lightbox=\"yes\" data-elementor-lightbox-slideshow=\"4d8efc3\" data-elementor-lightbox-title=\"Produkte S\u00fcss MicroTech\" data-e-action-hash=\"#elementor-action%3Aaction%3Dlightbox%26settings%3DeyJpZCI6MzM4NDUsInVybCI6Imh0dHBzOlwvXC9waG90b2dlbmlrYS5kZVwvd3AtY29udGVudFwvdXBsb2Fkc1wvMjAyNFwvMDZcLzA2Yi1Qcm9kdWt0ZS1TdWVzcy1NaWNyb1RlY2gtc2NhbGVkLmpwZyIsInNsaWRlc2hvdyI6IjRkOGVmYzMifQ%3D%3D\">\n\t\t\t\t\t<div class=\"e-gallery-image elementor-gallery-item__image\" data-thumbnail=\"https:\/\/photogenika.de\/wp-content\/uploads\/2024\/06\/06b-Produkte-Suess-MicroTech-768x511.jpg\" data-width=\"768\" data-height=\"511\" aria-label=\"Robotics demonstration at a trade fair, scientific team working on advanced robotic hardware, innovative technology solutions.\" role=\"img\" ><\/div>\n\t\t\t\t\t\t\t\t\t\t\t<div class=\"elementor-gallery-item__overlay\"><\/div>\n\t\t\t\t\t\t\t\t\t\t\t\t\t\t<\/a>\n\t\t\t\t\t<\/div>\n\t\t\t\t\t<\/div>\n\t\t\t\t<\/div>\n\t\t\t\t<div class=\"elementor-element elementor-element-d55255a elementor-widget elementor-widget-spacer\" data-id=\"d55255a\" data-element_type=\"widget\" data-e-type=\"widget\" data-widget_type=\"spacer.default\">\n\t\t\t\t<div class=\"elementor-widget-container\">\n\t\t\t\t\t\t\t<div class=\"elementor-spacer\">\n\t\t\t<div class=\"elementor-spacer-inner\"><\/div>\n\t\t<\/div>\n\t\t\t\t\t\t<\/div>\n\t\t\t\t<\/div>\n\t\t\t\t<div class=\"elementor-element elementor-element-717d09e elementor-widget elementor-widget-heading\" data-id=\"717d09e\" data-element_type=\"widget\" data-e-type=\"widget\" data-widget_type=\"heading.default\">\n\t\t\t\t<div class=\"elementor-widget-container\">\n\t\t\t\t\t<h2 class=\"elementor-heading-title elementor-size-default\">Exclusive tips for successful exhibition stand photography<\/h2>\t\t\t\t<\/div>\n\t\t\t\t<\/div>\n\t\t\t\t<div class=\"elementor-element elementor-element-4df8142 elementor-widget elementor-widget-text-editor\" data-id=\"4df8142\" data-element_type=\"widget\" data-e-type=\"widget\" data-widget_type=\"text-editor.default\">\n\t\t\t\t<div class=\"elementor-widget-container\">\n\t\t\t\t\t\t\t\t\t<ul><li>Plan early: Timely planning and coordination with the exhibition stand team are crucial.<\/li><li>Capture details: Small details add to the overall experience of the booth.<\/li><li>Document interaction: Photos of interactions and conversations create a lively documentation.<\/li><li>Post-production: Professional post-production brings out the best in your recordings.<\/li><\/ul><p>Experience through our lens how we captured the unique moments of the S\u00fcss MicroTech trade fair and be inspired to make your own exhibition stands visible and unforgettable.<\/p>\t\t\t\t\t\t\t\t<\/div>\n\t\t\t\t<\/div>\n\t\t\t\t<div class=\"elementor-element elementor-element-263046c elementor-widget elementor-widget-spacer\" data-id=\"263046c\" data-element_type=\"widget\" data-e-type=\"widget\" data-widget_type=\"spacer.default\">\n\t\t\t\t<div class=\"elementor-widget-container\">\n\t\t\t\t\t\t\t<div class=\"elementor-spacer\">\n\t\t\t<div class=\"elementor-spacer-inner\"><\/div>\n\t\t<\/div>\n\t\t\t\t\t\t<\/div>\n\t\t\t\t<\/div>\n\t\t\t\t<div class=\"elementor-element elementor-element-70a81db elementor-widget elementor-widget-gallery\" data-id=\"70a81db\" data-element_type=\"widget\" data-e-type=\"widget\" data-settings=\"{&quot;columns&quot;:5,&quot;aspect_ratio&quot;:&quot;9:16&quot;,&quot;lazyload&quot;:&quot;yes&quot;,&quot;gallery_layout&quot;:&quot;grid&quot;,&quot;columns_tablet&quot;:2,&quot;columns_mobile&quot;:1,&quot;gap&quot;:{&quot;unit&quot;:&quot;px&quot;,&quot;size&quot;:10,&quot;sizes&quot;:[]},&quot;gap_tablet&quot;:{&quot;unit&quot;:&quot;px&quot;,&quot;size&quot;:10,&quot;sizes&quot;:[]},&quot;gap_mobile&quot;:{&quot;unit&quot;:&quot;px&quot;,&quot;size&quot;:10,&quot;sizes&quot;:[]},&quot;link_to&quot;:&quot;file&quot;,&quot;overlay_background&quot;:&quot;yes&quot;,&quot;content_hover_animation&quot;:&quot;fade-in&quot;}\" data-widget_type=\"gallery.default\">\n\t\t\t\t<div class=\"elementor-widget-container\">\n\t\t\t\t\t\t\t<div class=\"elementor-gallery__container\">\n\t\t\t\t\t\t\t<a class=\"e-gallery-item elementor-gallery-item elementor-animated-content\" href=\"https:\/\/photogenika.de\/wp-content\/uploads\/2024\/06\/01-Messestandfotografie-scaled.jpg\" data-elementor-open-lightbox=\"yes\" data-elementor-lightbox-slideshow=\"70a81db\" data-elementor-lightbox-title=\"Messestandfotografie\" data-elementor-lightbox-description=\"Der SUSS MicroTec Messestand pr\u00e4sentiert fortschrittliche L\u00f6sungen f\u00fcr die Halbleiterindustrie mit ansprechendem Design.\" data-e-action-hash=\"#elementor-action%3Aaction%3Dlightbox%26settings%3DeyJpZCI6MzM4MzksInVybCI6Imh0dHBzOlwvXC9waG90b2dlbmlrYS5kZVwvd3AtY29udGVudFwvdXBsb2Fkc1wvMjAyNFwvMDZcLzAxLU1lc3Nlc3RhbmRmb3RvZ3JhZmllLXNjYWxlZC5qcGciLCJzbGlkZXNob3ciOiI3MGE4MWRiIn0%3D\">\n\t\t\t\t\t<div class=\"e-gallery-image elementor-gallery-item__image\" data-thumbnail=\"https:\/\/photogenika.de\/wp-content\/uploads\/2024\/06\/01-Messestandfotografie-768x1154.jpg\" data-width=\"768\" data-height=\"1154\" aria-label=\"Modern booth design for SUSS MicroTec at a technology trade fair, focused on semiconductor innovations.\" role=\"img\" ><\/div>\n\t\t\t\t\t\t\t\t\t\t\t<div class=\"elementor-gallery-item__overlay\"><\/div>\n\t\t\t\t\t\t\t\t\t\t\t\t\t\t<\/a>\n\t\t\t\t\t\t\t<a class=\"e-gallery-item elementor-gallery-item elementor-animated-content\" href=\"https:\/\/photogenika.de\/wp-content\/uploads\/2024\/06\/09-Produkte-Suess-MicroTech-scaled.jpg\" data-elementor-open-lightbox=\"yes\" data-elementor-lightbox-slideshow=\"70a81db\" data-elementor-lightbox-title=\"Produkte S\u00fcss MicroTech\" data-e-action-hash=\"#elementor-action%3Aaction%3Dlightbox%26settings%3DeyJpZCI6MzM4NDgsInVybCI6Imh0dHBzOlwvXC9waG90b2dlbmlrYS5kZVwvd3AtY29udGVudFwvdXBsb2Fkc1wvMjAyNFwvMDZcLzA5LVByb2R1a3RlLVN1ZXNzLU1pY3JvVGVjaC1zY2FsZWQuanBnIiwic2xpZGVzaG93IjoiNzBhODFkYiJ9\">\n\t\t\t\t\t<div class=\"e-gallery-image elementor-gallery-item__image\" data-thumbnail=\"https:\/\/photogenika.de\/wp-content\/uploads\/2024\/06\/09-Produkte-Suess-MicroTech-768x1154.jpg\" data-width=\"768\" data-height=\"1154\" aria-label=\"Metallic semiconductor serving or laboratory item, close-up, scientific use, high-quality optics, focus on structure.\" role=\"img\" ><\/div>\n\t\t\t\t\t\t\t\t\t\t\t<div class=\"elementor-gallery-item__overlay\"><\/div>\n\t\t\t\t\t\t\t\t\t\t\t\t\t\t<\/a>\n\t\t\t\t\t\t\t<a class=\"e-gallery-item elementor-gallery-item elementor-animated-content\" href=\"https:\/\/photogenika.de\/wp-content\/uploads\/2024\/06\/11-Maschinen-Suess-MicroTech-scaled.jpg\" data-elementor-open-lightbox=\"yes\" data-elementor-lightbox-slideshow=\"70a81db\" data-elementor-lightbox-title=\"Maschinen S\u00fcss MicroTech\" data-elementor-lightbox-description=\"Detaillierte Aufnahme eines fachgespr\u00e4chs bei Photogenika Industriemesse mit Fokus auf Halbleiter und MicroTech-Systeme.\" data-e-action-hash=\"#elementor-action%3Aaction%3Dlightbox%26settings%3DeyJpZCI6MzM4NTAsInVybCI6Imh0dHBzOlwvXC9waG90b2dlbmlrYS5kZVwvd3AtY29udGVudFwvdXBsb2Fkc1wvMjAyNFwvMDZcLzExLU1hc2NoaW5lbi1TdWVzcy1NaWNyb1RlY2gtc2NhbGVkLmpwZyIsInNsaWRlc2hvdyI6IjcwYTgxZGIifQ%3D%3D\">\n\t\t\t\t\t<div class=\"e-gallery-image elementor-gallery-item__image\" data-thumbnail=\"https:\/\/photogenika.de\/wp-content\/uploads\/2024\/06\/11-Maschinen-Suess-MicroTech-768x1154.jpg\" data-width=\"768\" data-height=\"1154\" aria-label=\"Innovation presentation with technology experts at a trade fair in Halle\" role=\"img\" ><\/div>\n\t\t\t\t\t\t\t\t\t\t\t<div class=\"elementor-gallery-item__overlay\"><\/div>\n\t\t\t\t\t\t\t\t\t\t\t\t\t\t<\/a>\n\t\t\t\t\t\t\t<a class=\"e-gallery-item elementor-gallery-item elementor-animated-content\" href=\"https:\/\/photogenika.de\/wp-content\/uploads\/2024\/06\/12-Maschinen-Suess-MicroTech-scaled.jpg\" data-elementor-open-lightbox=\"yes\" data-elementor-lightbox-slideshow=\"70a81db\" data-elementor-lightbox-title=\"Maschinen S\u00fcss MicroTech\" data-elementor-lightbox-description=\"Hightech RFID-Ger\u00e4t im Einsatz zur automatischen Warenerfassung und Bestandskontrolle.\" data-e-action-hash=\"#elementor-action%3Aaction%3Dlightbox%26settings%3DeyJpZCI6MzM4NTEsInVybCI6Imh0dHBzOlwvXC9waG90b2dlbmlrYS5kZVwvd3AtY29udGVudFwvdXBsb2Fkc1wvMjAyNFwvMDZcLzEyLU1hc2NoaW5lbi1TdWVzcy1NaWNyb1RlY2gtc2NhbGVkLmpwZyIsInNsaWRlc2hvdyI6IjcwYTgxZGIifQ%3D%3D\">\n\t\t\t\t\t<div class=\"e-gallery-image elementor-gallery-item__image\" data-thumbnail=\"https:\/\/photogenika.de\/wp-content\/uploads\/2024\/06\/12-Maschinen-Suess-MicroTech-768x1154.jpg\" data-width=\"768\" data-height=\"1154\" aria-label=\"RFID identification system in a blue cabinet\" role=\"img\" ><\/div>\n\t\t\t\t\t\t\t\t\t\t\t<div class=\"elementor-gallery-item__overlay\"><\/div>\n\t\t\t\t\t\t\t\t\t\t\t\t\t\t<\/a>\n\t\t\t\t\t\t\t<a class=\"e-gallery-item elementor-gallery-item elementor-animated-content\" href=\"https:\/\/photogenika.de\/wp-content\/uploads\/2024\/06\/17-Suess-MicroTech-Productronica-Innovation-Award-2023-scaled.jpg\" data-elementor-open-lightbox=\"yes\" data-elementor-lightbox-slideshow=\"70a81db\" data-elementor-lightbox-title=\"S\u00fcss MicroTech Productronica Innovation Award\" data-e-action-hash=\"#elementor-action%3Aaction%3Dlightbox%26settings%3DeyJpZCI6MzM4NTYsInVybCI6Imh0dHBzOlwvXC9waG90b2dlbmlrYS5kZVwvd3AtY29udGVudFwvdXBsb2Fkc1wvMjAyNFwvMDZcLzE3LVN1ZXNzLU1pY3JvVGVjaC1Qcm9kdWN0cm9uaWNhLUlubm92YXRpb24tQXdhcmQtMjAyMy1zY2FsZWQuanBnIiwic2xpZGVzaG93IjoiNzBhODFkYiJ9\">\n\t\t\t\t\t<div class=\"e-gallery-image elementor-gallery-item__image\" data-thumbnail=\"https:\/\/photogenika.de\/wp-content\/uploads\/2024\/06\/17-Suess-MicroTech-Productronica-Innovation-Award-2023-768x1154.jpg\" data-width=\"768\" data-height=\"1154\" aria-label=\"Innovation Award 2023 for PCB &amp; EMS Cluster, Award for Sustainable Technology, SUSS MicroTec Trendsetter for Electronics Manufacturing.\" role=\"img\" ><\/div>\n\t\t\t\t\t\t\t\t\t\t\t<div class=\"elementor-gallery-item__overlay\"><\/div>\n\t\t\t\t\t\t\t\t\t\t\t\t\t\t<\/a>\n\t\t\t\t\t<\/div>\n\t\t\t\t\t<\/div>\n\t\t\t\t<\/div>\n\t\t\t\t<div class=\"elementor-element elementor-element-b010b1b elementor-widget elementor-widget-spacer\" data-id=\"b010b1b\" data-element_type=\"widget\" data-e-type=\"widget\" data-widget_type=\"spacer.default\">\n\t\t\t\t<div class=\"elementor-widget-container\">\n\t\t\t\t\t\t\t<div class=\"elementor-spacer\">\n\t\t\t<div class=\"elementor-spacer-inner\"><\/div>\n\t\t<\/div>\n\t\t\t\t\t\t<\/div>\n\t\t\t\t<\/div>\n\t\t\t\t<div class=\"elementor-element elementor-element-96f1b9e elementor-widget elementor-widget-heading\" data-id=\"96f1b9e\" data-element_type=\"widget\" data-e-type=\"widget\" data-widget_type=\"heading.default\">\n\t\t\t\t<div class=\"elementor-widget-container\">\n\t\t\t\t\t<h2 class=\"elementor-heading-title elementor-size-default\">Important elements of exhibition stand photography<\/h2>\t\t\t\t<\/div>\n\t\t\t\t<\/div>\n\t\t\t\t<div class=\"elementor-element elementor-element-419f903 elementor-widget elementor-widget-text-editor\" data-id=\"419f903\" data-element_type=\"widget\" data-e-type=\"widget\" data-widget_type=\"text-editor.default\">\n\t\t\t\t<div class=\"elementor-widget-container\">\n\t\t\t\t\t\t\t\t\t<p>We at Photogenika had the pleasure of photographing the S\u00fcss MicroTech booth at the productronica trade fair. Early in the morning, before the first visitors arrived, we were able to capture the unique atmosphere. The booth was excellently prepared, with many interesting exhibits to discover.<\/p>\t\t\t\t\t\t\t\t<\/div>\n\t\t\t\t<\/div>\n\t\t\t\t<div class=\"elementor-element elementor-element-6328717 elementor-widget elementor-widget-heading\" data-id=\"6328717\" data-element_type=\"widget\" data-e-type=\"widget\" data-widget_type=\"heading.default\">\n\t\t\t\t<div class=\"elementor-widget-container\">\n\t\t\t\t\t<h3 class=\"elementor-heading-title elementor-size-default\">Lighting and focus<\/h3>\t\t\t\t<\/div>\n\t\t\t\t<\/div>\n\t\t\t\t<div class=\"elementor-element elementor-element-2c20c94 elementor-widget elementor-widget-text-editor\" data-id=\"2c20c94\" data-element_type=\"widget\" data-e-type=\"widget\" data-widget_type=\"text-editor.default\">\n\t\t\t\t<div class=\"elementor-widget-container\">\n\t\t\t\t\t\t\t\t\t<p>The right lighting played a crucial role in effectively showcasing the technical devices and innovative products. Our focus was on presenting both the stand as a whole and specific details in a clear and appealing way.<\/p>\t\t\t\t\t\t\t\t<\/div>\n\t\t\t\t<\/div>\n\t\t\t\t<div class=\"elementor-element elementor-element-a46cc81 elementor-widget elementor-widget-heading\" data-id=\"a46cc81\" data-element_type=\"widget\" data-e-type=\"widget\" data-widget_type=\"heading.default\">\n\t\t\t\t<div class=\"elementor-widget-container\">\n\t\t\t\t\t<h3 class=\"elementor-heading-title elementor-size-default\">Angles and perspectives<\/h3>\t\t\t\t<\/div>\n\t\t\t\t<\/div>\n\t\t\t\t<div class=\"elementor-element elementor-element-3733169 elementor-widget elementor-widget-text-editor\" data-id=\"3733169\" data-element_type=\"widget\" data-e-type=\"widget\" data-widget_type=\"text-editor.default\">\n\t\t\t\t<div class=\"elementor-widget-container\">\n\t\t\t\t\t\t\t\t\t<p>By using different angles and <a href=\"https:\/\/photogenika.de\/en\/tips-instagram-photo-2\/\">Perspectives<\/a> we managed to capture the dynamics at the stand. Especially during the presentations by the engineers and technicians, who were exciting <a href=\"https:\/\/photogenika.de\/en\/event-photography-with-eit-food\/\">Innovations<\/a> presented, we were able to photograph from different angles to vividly depict the interactions with the audience.<\/p>\t\t\t\t\t\t\t\t<\/div>\n\t\t\t\t<\/div>\n\t\t\t\t<div class=\"elementor-element elementor-element-5cb2c06 elementor-widget elementor-widget-heading\" data-id=\"5cb2c06\" data-element_type=\"widget\" data-e-type=\"widget\" data-widget_type=\"heading.default\">\n\t\t\t\t<div class=\"elementor-widget-container\">\n\t\t\t\t\t<h3 class=\"elementor-heading-title elementor-size-default\">Details and macro shots<\/h3>\t\t\t\t<\/div>\n\t\t\t\t<\/div>\n\t\t\t\t<div class=\"elementor-element elementor-element-c895a5a elementor-widget elementor-widget-text-editor\" data-id=\"c895a5a\" data-element_type=\"widget\" data-e-type=\"widget\" data-widget_type=\"text-editor.default\">\n\t\t\t\t<div class=\"elementor-widget-container\">\n\t\t\t\t\t\t\t\t\t<p>Close-ups of the world&#039;s firsts on display and the technologies in operation gave insights into the precision and quality of S\u00fcss MicroTech&#039;s products. The lively discussions and consultations were also documented in detail by our macro shots.<\/p><p>Each of these aspects helped us not only document the trade show experience, but also showcase the passion and commitment of the S\u00fcss MicroTech employees. The after-work session in the evening also provided a great opportunity to capture the exuberant mood in a relaxed atmosphere, which was a perfect conclusion to our photography assignment.<\/p>\t\t\t\t\t\t\t\t<\/div>\n\t\t\t\t<\/div>\n\t\t\t\t<div class=\"elementor-element elementor-element-32df083 elementor-widget elementor-widget-spacer\" data-id=\"32df083\" data-element_type=\"widget\" data-e-type=\"widget\" data-widget_type=\"spacer.default\">\n\t\t\t\t<div class=\"elementor-widget-container\">\n\t\t\t\t\t\t\t<div class=\"elementor-spacer\">\n\t\t\t<div class=\"elementor-spacer-inner\"><\/div>\n\t\t<\/div>\n\t\t\t\t\t\t<\/div>\n\t\t\t\t<\/div>\n\t\t\t\t<div class=\"elementor-element elementor-element-f1bfbb8 elementor-widget elementor-widget-gallery\" data-id=\"f1bfbb8\" data-element_type=\"widget\" data-e-type=\"widget\" data-settings=\"{&quot;columns&quot;:2,&quot;lazyload&quot;:&quot;yes&quot;,&quot;gallery_layout&quot;:&quot;grid&quot;,&quot;columns_tablet&quot;:2,&quot;columns_mobile&quot;:1,&quot;gap&quot;:{&quot;unit&quot;:&quot;px&quot;,&quot;size&quot;:10,&quot;sizes&quot;:[]},&quot;gap_tablet&quot;:{&quot;unit&quot;:&quot;px&quot;,&quot;size&quot;:10,&quot;sizes&quot;:[]},&quot;gap_mobile&quot;:{&quot;unit&quot;:&quot;px&quot;,&quot;size&quot;:10,&quot;sizes&quot;:[]},&quot;link_to&quot;:&quot;file&quot;,&quot;aspect_ratio&quot;:&quot;3:2&quot;,&quot;overlay_background&quot;:&quot;yes&quot;,&quot;content_hover_animation&quot;:&quot;fade-in&quot;}\" data-widget_type=\"gallery.default\">\n\t\t\t\t<div class=\"elementor-widget-container\">\n\t\t\t\t\t\t\t<div class=\"elementor-gallery__container\">\n\t\t\t\t\t\t\t<a class=\"e-gallery-item elementor-gallery-item elementor-animated-content\" href=\"https:\/\/photogenika.de\/wp-content\/uploads\/2024\/06\/07-Produkte-Suess-MicroTech-scaled.jpg\" data-elementor-open-lightbox=\"yes\" data-elementor-lightbox-slideshow=\"f1bfbb8\" data-elementor-lightbox-title=\"Produkte S\u00fcss MicroTech\" data-elementor-lightbox-description=\"Dynamische Szene auf einer Technikmesse mit Besuchern, Ausstellungsst\u00e4nden und moderner Elektronik.\" data-e-action-hash=\"#elementor-action%3Aaction%3Dlightbox%26settings%3DeyJpZCI6MzM4NDYsInVybCI6Imh0dHBzOlwvXC9waG90b2dlbmlrYS5kZVwvd3AtY29udGVudFwvdXBsb2Fkc1wvMjAyNFwvMDZcLzA3LVByb2R1a3RlLVN1ZXNzLU1pY3JvVGVjaC1zY2FsZWQuanBnIiwic2xpZGVzaG93IjoiZjFiZmJiOCJ9\">\n\t\t\t\t\t<div class=\"e-gallery-image elementor-gallery-item__image\" data-thumbnail=\"https:\/\/photogenika.de\/wp-content\/uploads\/2024\/06\/07-Produkte-Suess-MicroTech-768x511.jpg\" data-width=\"768\" data-height=\"511\" aria-label=\"Innovative technology at a trade fair showcases the latest electronic devices and offers expert discussions.\" role=\"img\" ><\/div>\n\t\t\t\t\t\t\t\t\t\t\t<div class=\"elementor-gallery-item__overlay\"><\/div>\n\t\t\t\t\t\t\t\t\t\t\t\t\t\t<\/a>\n\t\t\t\t\t\t\t<a class=\"e-gallery-item elementor-gallery-item elementor-animated-content\" href=\"https:\/\/photogenika.de\/wp-content\/uploads\/2024\/06\/08-Produkte-Suess-MicroTech-scaled.jpg\" data-elementor-open-lightbox=\"yes\" data-elementor-lightbox-slideshow=\"f1bfbb8\" data-elementor-lightbox-title=\"Produkte S\u00fcss MicroTech\" data-elementor-lightbox-description=\"Ein modernes Kamera-Device auf einem Pr\u00e4sentationsst\u00e4nder im Photogenika Fotostudio M\u00fcnchen, ideal f\u00fcr kreative Fotoshootings und professionelle Aufnahmen.\" data-e-action-hash=\"#elementor-action%3Aaction%3Dlightbox%26settings%3DeyJpZCI6MzM4NDcsInVybCI6Imh0dHBzOlwvXC9waG90b2dlbmlrYS5kZVwvd3AtY29udGVudFwvdXBsb2Fkc1wvMjAyNFwvMDZcLzA4LVByb2R1a3RlLVN1ZXNzLU1pY3JvVGVjaC1zY2FsZWQuanBnIiwic2xpZGVzaG93IjoiZjFiZmJiOCJ9\">\n\t\t\t\t\t<div class=\"e-gallery-image elementor-gallery-item__image\" data-thumbnail=\"https:\/\/photogenika.de\/wp-content\/uploads\/2024\/06\/08-Produkte-Suess-MicroTech-768x511.jpg\" data-width=\"768\" data-height=\"511\" aria-label=\"High-quality digital camera accessories in the Munich photo studio for professional photography.\" role=\"img\" ><\/div>\n\t\t\t\t\t\t\t\t\t\t\t<div class=\"elementor-gallery-item__overlay\"><\/div>\n\t\t\t\t\t\t\t\t\t\t\t\t\t\t<\/a>\n\t\t\t\t\t\t\t<a class=\"e-gallery-item elementor-gallery-item elementor-animated-content\" href=\"https:\/\/photogenika.de\/wp-content\/uploads\/2024\/06\/13-Maschinen-Suess-MicroTech-scaled.jpg\" data-elementor-open-lightbox=\"yes\" data-elementor-lightbox-slideshow=\"f1bfbb8\" data-elementor-lightbox-title=\"www.photogenika.de\" data-elementor-lightbox-description=\"Ein Fachmann erkl\u00e4rt eine moderne Druckmaschine auf einer Fachmesse f\u00fcr Druck- und Medientechnik.\" data-e-action-hash=\"#elementor-action%3Aaction%3Dlightbox%26settings%3DeyJpZCI6MzM4NTIsInVybCI6Imh0dHBzOlwvXC9waG90b2dlbmlrYS5kZVwvd3AtY29udGVudFwvdXBsb2Fkc1wvMjAyNFwvMDZcLzEzLU1hc2NoaW5lbi1TdWVzcy1NaWNyb1RlY2gtc2NhbGVkLmpwZyIsInNsaWRlc2hvdyI6ImYxYmZiYjgifQ%3D%3D\">\n\t\t\t\t\t<div class=\"e-gallery-image elementor-gallery-item__image\" data-thumbnail=\"https:\/\/photogenika.de\/wp-content\/uploads\/2024\/06\/13-Maschinen-Suess-MicroTech-768x511.jpg\" data-width=\"768\" data-height=\"511\" aria-label=\"High-quality interactive printing technology in the trade fair environment\" role=\"img\" ><\/div>\n\t\t\t\t\t\t\t\t\t\t\t<div class=\"elementor-gallery-item__overlay\"><\/div>\n\t\t\t\t\t\t\t\t\t\t\t\t\t\t<\/a>\n\t\t\t\t\t\t\t<a class=\"e-gallery-item elementor-gallery-item elementor-animated-content\" href=\"https:\/\/photogenika.de\/wp-content\/uploads\/2024\/06\/14-Messestand-Gespraeche-scaled.jpg\" data-elementor-open-lightbox=\"yes\" data-elementor-lightbox-slideshow=\"f1bfbb8\" data-elementor-lightbox-title=\"Messestand Gespr\u00e4che\" data-e-action-hash=\"#elementor-action%3Aaction%3Dlightbox%26settings%3DeyJpZCI6MzM4NTMsInVybCI6Imh0dHBzOlwvXC9waG90b2dlbmlrYS5kZVwvd3AtY29udGVudFwvdXBsb2Fkc1wvMjAyNFwvMDZcLzE0LU1lc3Nlc3RhbmQtR2VzcHJhZWNoZS1zY2FsZWQuanBnIiwic2xpZGVzaG93IjoiZjFiZmJiOCJ9\">\n\t\t\t\t\t<div class=\"e-gallery-image elementor-gallery-item__image\" data-thumbnail=\"https:\/\/photogenika.de\/wp-content\/uploads\/2024\/06\/14-Messestand-Gespraeche-768x511.jpg\" data-width=\"768\" data-height=\"511\" aria-label=\"High-quality business photography at Photogenika for trade fairs and conferences. Professional event and trade fair photography for companies.\" role=\"img\" ><\/div>\n\t\t\t\t\t\t\t\t\t\t\t<div class=\"elementor-gallery-item__overlay\"><\/div>\n\t\t\t\t\t\t\t\t\t\t\t\t\t\t<\/a>\n\t\t\t\t\t<\/div>\n\t\t\t\t\t<\/div>\n\t\t\t\t<\/div>\n\t\t\t\t<div class=\"elementor-element elementor-element-3a421f3 elementor-widget elementor-widget-spacer\" data-id=\"3a421f3\" data-element_type=\"widget\" data-e-type=\"widget\" data-widget_type=\"spacer.default\">\n\t\t\t\t<div class=\"elementor-widget-container\">\n\t\t\t\t\t\t\t<div class=\"elementor-spacer\">\n\t\t\t<div class=\"elementor-spacer-inner\"><\/div>\n\t\t<\/div>\n\t\t\t\t\t\t<\/div>\n\t\t\t\t<\/div>\n\t\t\t\t<div class=\"elementor-element elementor-element-5bc97d2 elementor-widget elementor-widget-heading\" data-id=\"5bc97d2\" data-element_type=\"widget\" data-e-type=\"widget\" data-widget_type=\"heading.default\">\n\t\t\t\t<div class=\"elementor-widget-container\">\n\t\t\t\t\t<h2 class=\"elementor-heading-title elementor-size-default\">Tips for successful exhibition stand photography<\/h2>\t\t\t\t<\/div>\n\t\t\t\t<\/div>\n\t\t\t\t<div class=\"elementor-element elementor-element-b7a15a5 elementor-widget elementor-widget-heading\" data-id=\"b7a15a5\" data-element_type=\"widget\" data-e-type=\"widget\" data-widget_type=\"heading.default\">\n\t\t\t\t<div class=\"elementor-widget-container\">\n\t\t\t\t\t<h3 class=\"elementor-heading-title elementor-size-default\">Be at the stand early<\/h3>\t\t\t\t<\/div>\n\t\t\t\t<\/div>\n\t\t\t\t<div class=\"elementor-element elementor-element-b21da65 elementor-widget elementor-widget-text-editor\" data-id=\"b21da65\" data-element_type=\"widget\" data-e-type=\"widget\" data-widget_type=\"text-editor.default\">\n\t\t\t\t<div class=\"elementor-widget-container\">\n\t\t\t\t\t\t\t\t\t<p>At Photogenika, we have found that it is particularly exciting to be there first thing in the morning, before the visitors start pouring in. This allows us to capture the calm and unique atmosphere of a perfectly prepared exhibition stand. Without the distraction of the trade fair visitors, we can focus on the details that might be overlooked later in the day.<\/p>\t\t\t\t\t\t\t\t<\/div>\n\t\t\t\t<\/div>\n\t\t\t\t<div class=\"elementor-element elementor-element-c69d52a elementor-widget elementor-widget-heading\" data-id=\"c69d52a\" data-element_type=\"widget\" data-e-type=\"widget\" data-widget_type=\"heading.default\">\n\t\t\t\t<div class=\"elementor-widget-container\">\n\t\t\t\t\t<h3 class=\"elementor-heading-title elementor-size-default\">Involvement of people and emotions<\/h3>\t\t\t\t<\/div>\n\t\t\t\t<\/div>\n\t\t\t\t<div class=\"elementor-element elementor-element-f4b3fa6 elementor-widget elementor-widget-text-editor\" data-id=\"f4b3fa6\" data-element_type=\"widget\" data-e-type=\"widget\" data-widget_type=\"text-editor.default\">\n\t\t\t\t<div class=\"elementor-widget-container\">\n\t\t\t\t\t\t\t\t\t<p>Incorporating people into photography brings life and emotion to the images. We captured dynamic interactions, especially in moments when S\u00fcss MicroTech employees were engaged in customer discussions or during lively presentations by engineers and technicians. These human elements not only convey the atmosphere, but also the passion and commitment of the team.<\/p>\t\t\t\t\t\t\t\t<\/div>\n\t\t\t\t<\/div>\n\t\t\t\t<div class=\"elementor-element elementor-element-8cf3e31 elementor-widget elementor-widget-heading\" data-id=\"8cf3e31\" data-element_type=\"widget\" data-e-type=\"widget\" data-widget_type=\"heading.default\">\n\t\t\t\t<div class=\"elementor-widget-container\">\n\t\t\t\t\t<h3 class=\"elementor-heading-title elementor-size-default\">Take diverse shots<\/h3>\t\t\t\t<\/div>\n\t\t\t\t<\/div>\n\t\t\t\t<div class=\"elementor-element elementor-element-34fe247 elementor-widget elementor-widget-text-editor\" data-id=\"34fe247\" data-element_type=\"widget\" data-e-type=\"widget\" data-widget_type=\"text-editor.default\">\n\t\t\t\t<div class=\"elementor-widget-container\">\n\t\t\t\t\t\t\t\t\t<p>It is crucial to shoot from a variety of angles and perspectives. By alternating between overall views of the stand and detailed macro shots of the technologies and world firsts on display, we can tell a comprehensive story. The combination of different shot types ensures that both the technical details and the mood and flair of the exhibition stand are authentically conveyed.<\/p>\t\t\t\t\t\t\t\t<\/div>\n\t\t\t\t<\/div>\n\t\t\t\t<div class=\"elementor-element elementor-element-b143a94 elementor-widget elementor-widget-spacer\" data-id=\"b143a94\" data-element_type=\"widget\" data-e-type=\"widget\" data-widget_type=\"spacer.default\">\n\t\t\t\t<div class=\"elementor-widget-container\">\n\t\t\t\t\t\t\t<div class=\"elementor-spacer\">\n\t\t\t<div class=\"elementor-spacer-inner\"><\/div>\n\t\t<\/div>\n\t\t\t\t\t\t<\/div>\n\t\t\t\t<\/div>\n\t\t\t\t<div class=\"elementor-element elementor-element-06de058 elementor-widget elementor-widget-gallery\" data-id=\"06de058\" data-element_type=\"widget\" data-e-type=\"widget\" data-settings=\"{&quot;columns&quot;:3,&quot;aspect_ratio&quot;:&quot;4:3&quot;,&quot;lazyload&quot;:&quot;yes&quot;,&quot;gallery_layout&quot;:&quot;grid&quot;,&quot;columns_tablet&quot;:2,&quot;columns_mobile&quot;:1,&quot;gap&quot;:{&quot;unit&quot;:&quot;px&quot;,&quot;size&quot;:10,&quot;sizes&quot;:[]},&quot;gap_tablet&quot;:{&quot;unit&quot;:&quot;px&quot;,&quot;size&quot;:10,&quot;sizes&quot;:[]},&quot;gap_mobile&quot;:{&quot;unit&quot;:&quot;px&quot;,&quot;size&quot;:10,&quot;sizes&quot;:[]},&quot;link_to&quot;:&quot;file&quot;,&quot;overlay_background&quot;:&quot;yes&quot;,&quot;content_hover_animation&quot;:&quot;fade-in&quot;}\" data-widget_type=\"gallery.default\">\n\t\t\t\t<div class=\"elementor-widget-container\">\n\t\t\t\t\t\t\t<div class=\"elementor-gallery__container\">\n\t\t\t\t\t\t\t<a class=\"e-gallery-item elementor-gallery-item elementor-animated-content\" href=\"https:\/\/photogenika.de\/wp-content\/uploads\/2024\/06\/15-Messestand-Gespraeche-scaled.jpg\" data-elementor-open-lightbox=\"yes\" data-elementor-lightbox-slideshow=\"06de058\" data-elementor-lightbox-title=\"Messestand Gespr\u00e4che\" data-elementor-lightbox-description=\"Fachgespr\u00e4ch auf einer Messe \u00fcber innovative optische Produkte und Netzwerkarbeit.\" data-e-action-hash=\"#elementor-action%3Aaction%3Dlightbox%26settings%3DeyJpZCI6MzM4NTQsInVybCI6Imh0dHBzOlwvXC9waG90b2dlbmlrYS5kZVwvd3AtY29udGVudFwvdXBsb2Fkc1wvMjAyNFwvMDZcLzE1LU1lc3Nlc3RhbmQtR2VzcHJhZWNoZS1zY2FsZWQuanBnIiwic2xpZGVzaG93IjoiMDZkZTA1OCJ9\">\n\t\t\t\t\t<div class=\"e-gallery-image elementor-gallery-item__image\" data-thumbnail=\"https:\/\/photogenika.de\/wp-content\/uploads\/2024\/06\/15-Messestand-Gespraeche-768x511.jpg\" data-width=\"768\" data-height=\"511\" aria-label=\"High-quality product photography at a trade fair, focusing on technical innovations and business networking.\" role=\"img\" ><\/div>\n\t\t\t\t\t\t\t\t\t\t\t<div class=\"elementor-gallery-item__overlay\"><\/div>\n\t\t\t\t\t\t\t\t\t\t\t\t\t\t<\/a>\n\t\t\t\t\t\t\t<a class=\"e-gallery-item elementor-gallery-item elementor-animated-content\" href=\"https:\/\/photogenika.de\/wp-content\/uploads\/2024\/06\/18-Messestand-Vortraege-scaled.jpg\" data-elementor-open-lightbox=\"yes\" data-elementor-lightbox-slideshow=\"06de058\" data-elementor-lightbox-title=\"Messestand Vortr\u00e4ge\" data-elementor-lightbox-description=\"Business-Leute im Gespr\u00e4ch auf Messestand, professionelle Business-Fotografie bei Messe, Networking-Event, Fachmesse, Firmenpr\u00e4sentation.\" data-e-action-hash=\"#elementor-action%3Aaction%3Dlightbox%26settings%3DeyJpZCI6MzM4NTcsInVybCI6Imh0dHBzOlwvXC9waG90b2dlbmlrYS5kZVwvd3AtY29udGVudFwvdXBsb2Fkc1wvMjAyNFwvMDZcLzE4LU1lc3Nlc3RhbmQtVm9ydHJhZWdlLXNjYWxlZC5qcGciLCJzbGlkZXNob3ciOiIwNmRlMDU4In0%3D\">\n\t\t\t\t\t<div class=\"e-gallery-image elementor-gallery-item__image\" data-thumbnail=\"https:\/\/photogenika.de\/wp-content\/uploads\/2024\/06\/18-Messestand-Vortraege-768x511.jpg\" data-width=\"768\" data-height=\"511\" aria-label=\"high-quality business photography at trade fairs, trade fairs, networking\" role=\"img\" ><\/div>\n\t\t\t\t\t\t\t\t\t\t\t<div class=\"elementor-gallery-item__overlay\"><\/div>\n\t\t\t\t\t\t\t\t\t\t\t\t\t\t<\/a>\n\t\t\t\t\t\t\t<a class=\"e-gallery-item elementor-gallery-item elementor-animated-content\" href=\"https:\/\/photogenika.de\/wp-content\/uploads\/2024\/06\/19-Vortrag-Messe-scaled.jpg\" data-elementor-open-lightbox=\"yes\" data-elementor-lightbox-slideshow=\"06de058\" data-elementor-lightbox-title=\"Vortrag Messe\" data-elementor-lightbox-description=\"Blick auf eine Fachkonferenz mit Vortrag im Bereich Technik und Innovation.\" data-e-action-hash=\"#elementor-action%3Aaction%3Dlightbox%26settings%3DeyJpZCI6MzM4NTgsInVybCI6Imh0dHBzOlwvXC9waG90b2dlbmlrYS5kZVwvd3AtY29udGVudFwvdXBsb2Fkc1wvMjAyNFwvMDZcLzE5LVZvcnRyYWctTWVzc2Utc2NhbGVkLmpwZyIsInNsaWRlc2hvdyI6IjA2ZGUwNTgifQ%3D%3D\">\n\t\t\t\t\t<div class=\"e-gallery-image elementor-gallery-item__image\" data-thumbnail=\"https:\/\/photogenika.de\/wp-content\/uploads\/2024\/06\/19-Vortrag-Messe-768x511.jpg\" data-width=\"768\" data-height=\"511\" aria-label=\"Modern technology event presentation at conference in TechArena area.\" role=\"img\" ><\/div>\n\t\t\t\t\t\t\t\t\t\t\t<div class=\"elementor-gallery-item__overlay\"><\/div>\n\t\t\t\t\t\t\t\t\t\t\t\t\t\t<\/a>\n\t\t\t\t\t\t\t<a class=\"e-gallery-item elementor-gallery-item elementor-animated-content\" href=\"https:\/\/photogenika.de\/wp-content\/uploads\/2024\/06\/20-Vortrag-Messe-scaled.jpg\" data-elementor-open-lightbox=\"yes\" data-elementor-lightbox-slideshow=\"06de058\" data-elementor-lightbox-title=\"Vortrag Messe\" data-elementor-lightbox-description=\"Ein Mann im Anzug pr\u00e4sentiert eine PowerPoint-Folie auf einer Fachmesse, umgeben von Informationsst\u00e4nden.\" data-e-action-hash=\"#elementor-action%3Aaction%3Dlightbox%26settings%3DeyJpZCI6MzM4NTksInVybCI6Imh0dHBzOlwvXC9waG90b2dlbmlrYS5kZVwvd3AtY29udGVudFwvdXBsb2Fkc1wvMjAyNFwvMDZcLzIwLVZvcnRyYWctTWVzc2Utc2NhbGVkLmpwZyIsInNsaWRlc2hvdyI6IjA2ZGUwNTgifQ%3D%3D\">\n\t\t\t\t\t<div class=\"e-gallery-image elementor-gallery-item__image\" data-thumbnail=\"https:\/\/photogenika.de\/wp-content\/uploads\/2024\/06\/20-Vortrag-Messe-768x511.jpg\" data-width=\"768\" data-height=\"511\" aria-label=\"Modern businessman giving presentation at conference, big screens and exhibition stand in the background.\" role=\"img\" ><\/div>\n\t\t\t\t\t\t\t\t\t\t\t<div class=\"elementor-gallery-item__overlay\"><\/div>\n\t\t\t\t\t\t\t\t\t\t\t\t\t\t<\/a>\n\t\t\t\t\t\t\t<a class=\"e-gallery-item elementor-gallery-item elementor-animated-content\" href=\"https:\/\/photogenika.de\/wp-content\/uploads\/2024\/06\/21-After-Work--scaled.jpg\" data-elementor-open-lightbox=\"yes\" data-elementor-lightbox-slideshow=\"06de058\" data-elementor-lightbox-title=\"After Work\" data-e-action-hash=\"#elementor-action%3Aaction%3Dlightbox%26settings%3DeyJpZCI6MzM4NjAsInVybCI6Imh0dHBzOlwvXC9waG90b2dlbmlrYS5kZVwvd3AtY29udGVudFwvdXBsb2Fkc1wvMjAyNFwvMDZcLzIxLUFmdGVyLVdvcmstLXNjYWxlZC5qcGciLCJzbGlkZXNob3ciOiIwNmRlMDU4In0%3D\">\n\t\t\t\t\t<div class=\"e-gallery-image elementor-gallery-item__image\" data-thumbnail=\"https:\/\/photogenika.de\/wp-content\/uploads\/2024\/06\/21-After-Work--768x511.jpg\" data-width=\"768\" data-height=\"511\" aria-label=\"Wooden brewery, beer, trade fair, sociability, facade, 3d, fischer, nutrition, pharma, leisure, advertising, festival, luxury, special, home, restaurant, 3d, cheerful, happy, support, celebrate, candid, art, bar, creative, delicious, cuisine, bar, food, happy, party, brewery, artisanal, complex, colorful, creative, flavor, glass, hops, joy, lager, pilsner, pub, refreshment, ritual, social, taproom, taste, tradition, urban, drink, drinking, event, festival, friends, glasses, group, glassware, liquid, mug, night, adult, alcohol, barware, beverage, cold, celebration, cheers, glass, glassware, hand, handled, day, daylight, design, decorative, drinkware, drink, alcohol, glass, pub, glass, Bar, ale, beverage, bottle, bottle, bar, pub, alcohol, drinking, brewery, celebration, bar, beverage, drinking, leisure, pub, party, refreshment, social, toast, drinking, beer, alcohol, cold, glass, drink.\" role=\"img\" ><\/div>\n\t\t\t\t\t\t\t\t\t\t\t<div class=\"elementor-gallery-item__overlay\"><\/div>\n\t\t\t\t\t\t\t\t\t\t\t\t\t\t<\/a>\n\t\t\t\t\t\t\t<a class=\"e-gallery-item elementor-gallery-item elementor-animated-content\" href=\"https:\/\/photogenika.de\/wp-content\/uploads\/2024\/06\/22-After-Work-Party-scaled.jpg\" data-elementor-open-lightbox=\"yes\" data-elementor-lightbox-slideshow=\"06de058\" data-elementor-lightbox-title=\"After Work Party\" data-elementor-lightbox-description=\"Professionelles Treffen in einem Messeambiente mit Fokus auf Business, Bier und lockere Unterhaltung in Deutschland.\" data-e-action-hash=\"#elementor-action%3Aaction%3Dlightbox%26settings%3DeyJpZCI6MzM4NjEsInVybCI6Imh0dHBzOlwvXC9waG90b2dlbmlrYS5kZVwvd3AtY29udGVudFwvdXBsb2Fkc1wvMjAyNFwvMDZcLzIyLUFmdGVyLVdvcmstUGFydHktc2NhbGVkLmpwZyIsInNsaWRlc2hvdyI6IjA2ZGUwNTgifQ%3D%3D\">\n\t\t\t\t\t<div class=\"e-gallery-image elementor-gallery-item__image\" data-thumbnail=\"https:\/\/photogenika.de\/wp-content\/uploads\/2024\/06\/22-After-Work-Party-768x511.jpg\" data-width=\"768\" data-height=\"511\" aria-label=\"Happy business people networking with beer at a trade fair in Germany\" role=\"img\" ><\/div>\n\t\t\t\t\t\t\t\t\t\t\t<div class=\"elementor-gallery-item__overlay\"><\/div>\n\t\t\t\t\t\t\t\t\t\t\t\t\t\t<\/a>\n\t\t\t\t\t<\/div>\n\t\t\t\t\t<\/div>\n\t\t\t\t<\/div>\n\t\t\t\t<div class=\"elementor-element elementor-element-5d335f7 elementor-widget elementor-widget-spacer\" data-id=\"5d335f7\" data-element_type=\"widget\" data-e-type=\"widget\" data-widget_type=\"spacer.default\">\n\t\t\t\t<div class=\"elementor-widget-container\">\n\t\t\t\t\t\t\t<div class=\"elementor-spacer\">\n\t\t\t<div class=\"elementor-spacer-inner\"><\/div>\n\t\t<\/div>\n\t\t\t\t\t\t<\/div>\n\t\t\t\t<\/div>\n\t\t\t\t<div class=\"elementor-element elementor-element-b8d165d elementor-widget elementor-widget-heading\" data-id=\"b8d165d\" data-element_type=\"widget\" data-e-type=\"widget\" data-widget_type=\"heading.default\">\n\t\t\t\t<div class=\"elementor-widget-container\">\n\t\t\t\t\t<h2 class=\"elementor-heading-title elementor-size-default\">FAQs about trade fairs in general<\/h2>\t\t\t\t<\/div>\n\t\t\t\t<\/div>\n\t\t\t\t<div class=\"elementor-element elementor-element-8f41cc3 elementor-widget elementor-widget-text-editor\" data-id=\"8f41cc3\" data-element_type=\"widget\" data-e-type=\"widget\" data-widget_type=\"text-editor.default\">\n\t\t\t\t<div class=\"elementor-widget-container\">\n\t\t\t\t\t\t\t\t\t<p><strong> 1. How should an ideal exhibition stand be designed?<\/strong><\/p><p>An effective exhibition stand is characterized by a streamlined, simple design. Frames should be as invisible as possible and connection systems should be concealed. A clear layout, vibrant colors, clear messages and a solid structure are crucial to making your stand successful.<\/p>\t\t\t\t\t\t\t\t<\/div>\n\t\t\t\t<\/div>\n\t\t\t\t<div class=\"elementor-element elementor-element-63e0f0c elementor-widget elementor-widget-text-editor\" data-id=\"63e0f0c\" data-element_type=\"widget\" data-e-type=\"widget\" data-widget_type=\"text-editor.default\">\n\t\t\t\t<div class=\"elementor-widget-container\">\n\t\t\t\t\t\t\t\t\t<p><strong>2. What are the advantages of participating in a trade fair?<\/strong><\/p><p>Participating in a trade fair offers companies the opportunity to increase their presence in the industry. You can showcase your latest products, attract new customers and gain a competitive advantage in your market segment.<\/p>\t\t\t\t\t\t\t\t<\/div>\n\t\t\t\t<\/div>\n\t\t\t\t<div class=\"elementor-element elementor-element-233a19b elementor-widget elementor-widget-text-editor\" data-id=\"233a19b\" data-element_type=\"widget\" data-e-type=\"widget\" data-widget_type=\"text-editor.default\">\n\t\t\t\t<div class=\"elementor-widget-container\">\n\t\t\t\t\t\t\t\t\t<p><strong> 3. How do you best prepare for a trade fair?<\/strong><\/p><p>Preparing for a trade fair should include the following steps: choosing a trade fair, setting clear goals, creating a schedule, putting together a team for the trade fair appearance, defining the target group, clearly outlining the benefits for visitors and sending out invitations. It is also important to communicate the trade fair appearance effectively.<\/p>\t\t\t\t\t\t\t\t<\/div>\n\t\t\t\t<\/div>\n\t\t\t\t<div class=\"elementor-element elementor-element-e476d67 elementor-widget elementor-widget-text-editor\" data-id=\"e476d67\" data-element_type=\"widget\" data-e-type=\"widget\" data-widget_type=\"text-editor.default\">\n\t\t\t\t<div class=\"elementor-widget-container\">\n\t\t\t\t\t\t\t\t\t<p><strong> 4. What is the main purpose of a trade fair?<\/strong><\/p><p>A trade fair is a place where manufacturers or suppliers of goods or services can present, explain and sell them. Visitors have the opportunity to compare offers from different suppliers and gain an overview of the market situation.<\/p>\t\t\t\t\t\t\t\t<\/div>\n\t\t\t\t<\/div>\n\t\t\t\t\t<\/div>\n\t\t\t\t<\/div>\n\t\t\t\t<\/div>","protected":false},"excerpt":{"rendered":"<p>Are you looking for a photographer for your exhibition stand? Find out more about our professional trade fair photography and see examples of high-quality images. Discover now!<\/p>","protected":false},"author":6,"featured_media":33840,"comment_status":"closed","ping_status":"closed","sticky":false,"template":"","format":"standard","meta":{"footnotes":""},"categories":[138],"tags":[79],"class_list":["post-33876","post","type-post","status-publish","format-standard","has-post-thumbnail","hentry","category-messefotografie","tag-messefotografie"],"_links":{"self":[{"href":"https:\/\/photogenika.de\/en\/wp-json\/wp\/v2\/posts\/33876","targetHints":{"allow":["GET"]}}],"collection":[{"href":"https:\/\/photogenika.de\/en\/wp-json\/wp\/v2\/posts"}],"about":[{"href":"https:\/\/photogenika.de\/en\/wp-json\/wp\/v2\/types\/post"}],"author":[{"embeddable":true,"href":"https:\/\/photogenika.de\/en\/wp-json\/wp\/v2\/users\/6"}],"replies":[{"embeddable":true,"href":"https:\/\/photogenika.de\/en\/wp-json\/wp\/v2\/comments?post=33876"}],"version-history":[{"count":0,"href":"https:\/\/photogenika.de\/en\/wp-json\/wp\/v2\/posts\/33876\/revisions"}],"wp:featuredmedia":[{"embeddable":true,"href":"https:\/\/photogenika.de\/en\/wp-json\/wp\/v2\/media\/33840"}],"wp:attachment":[{"href":"https:\/\/photogenika.de\/en\/wp-json\/wp\/v2\/media?parent=33876"}],"wp:term":[{"taxonomy":"category","embeddable":true,"href":"https:\/\/photogenika.de\/en\/wp-json\/wp\/v2\/categories?post=33876"},{"taxonomy":"post_tag","embeddable":true,"href":"https:\/\/photogenika.de\/en\/wp-json\/wp\/v2\/tags?post=33876"}],"curies":[{"name":"wp","href":"https:\/\/api.w.org\/{rel}","templated":true}]}}