{"id":3268,"date":"2016-05-13T06:01:35","date_gmt":"2016-05-13T04:01:35","guid":{"rendered":"https:\/\/photogenika.de\/?p=3268"},"modified":"2016-05-13T06:01:35","modified_gmt":"2016-05-13T04:01:35","slug":"portrait-photo-for-the-male-world","status":"publish","type":"post","link":"https:\/\/photogenika.de\/en\/portraitfoto-fuer-die-maennerwelt\/","title":{"rendered":"A portrait photo for the dear men&#039;s world"},"content":{"rendered":"<p>Today we would like to encourage the men among you to have a portrait photograph taken in our photo studio, because this is not just for women...<\/p>\n<h2>Why portrait photography for men?<\/h2>\n<p>Are you on Xing, Facebook or other social platforms? Why not a professional one too <a href=\"http:\/\/fotostudio-im-westend.de\/privatfotografie\/portraitfotografie\" target=\"_blank\" rel=\"noopener noreferrer\">portrait photo<\/a>?! With a characterful portrait you can present yourself wonderfully. Before each shoot, we discuss the wishes and ideas of our customers and give tips and suggestions.<br \/>\nAre you looking for a gift for family, wife or girlfriend? A personal photo, individually tailored to the character, is nice. And here, too, we can &quot;shoot&quot; a classic, modern, unusual or cool portrait picture. There is definitely something for everyone!<\/p>\n<h2>What kind of portrait photo do I want?<\/h2>\n<p>Especially with men, a portrait is always an exciting thing for us, because unlike with women, we can emphasize the distinctive face with hard light and emphasize the muscles with light and shadow. It doesn&#039;t always have to be the posed photo with a look into the camera and a big smile. We keep finding new poses and a lot is also created by the moment. Of course it is also possible to be meaningful in a photo shoot <a href=\"https:\/\/alt.photogenika.de\/portraitfotos\/\" target=\"_blank\" rel=\"noopener noreferrer\">Portrait Photos<\/a> to photograph for various purposes.<\/p>\n<p>To give you a better impression, we have selected some beautiful portrait pictures with different statements, backgrounds and light. Because we tailor everything to the respective person to get the best out of everyone.<\/p>\n<p>So dear men&#039;s world... we hope we can welcome you soon in one of our photo studios in Munich to have a nice <a href=\"http:\/\/www.fotostudio-am-ostbahnhof.de\/privatfotografie\/portraitfotografie\" target=\"_blank\" rel=\"noopener noreferrer\">portrait photo<\/a> to shoot&quot;.<\/p>\n<p>Your Photogenika team<\/p>\n<p><a href=\"https:\/\/photogenika.de\/wp-content\/uploads\/2016\/04\/Portraitfoto.jpg\"><img fetchpriority=\"high\" decoding=\"async\" src=\"https:\/\/photogenika.de\/wp-content\/uploads\/2016\/04\/Portraitfoto.jpg\" height=\"677\" width=\"450\" class=\"aligncenter wp-image-3277\" alt=\"portrait photo\" srcset=\"https:\/\/photogenika.de\/wp-content\/uploads\/2016\/04\/Portraitfoto.jpg 399w, https:\/\/photogenika.de\/wp-content\/uploads\/2016\/04\/Portraitfoto-200x300.jpg 200w\" sizes=\"(max-width: 450px) 100vw, 450px\" \/> <\/a><\/p>\n<p><a href=\"https:\/\/photogenika.de\/wp-content\/uploads\/2016\/04\/Portraitfoto-junger-Mann-auf-Hocker.jpg\"><img decoding=\"async\" src=\"https:\/\/photogenika.de\/wp-content\/uploads\/2016\/04\/Portraitfoto-junger-Mann-auf-Hocker.jpg\" height=\"677\" width=\"450\" class=\"aligncenter wp-image-3276\" alt=\"Portrait photo of young man on stool\" srcset=\"https:\/\/photogenika.de\/wp-content\/uploads\/2016\/04\/Portraitfoto-junger-Mann-auf-Hocker.jpg 399w, https:\/\/photogenika.de\/wp-content\/uploads\/2016\/04\/Portraitfoto-junger-Mann-auf-Hocker-200x300.jpg 200w\" sizes=\"(max-width: 450px) 100vw, 450px\" \/> <\/a><\/p>\n<p><a href=\"https:\/\/photogenika.de\/wp-content\/uploads\/2016\/04\/Portraitfoto-Herr-im-Anzug.jpg\"><img decoding=\"async\" src=\"https:\/\/photogenika.de\/wp-content\/uploads\/2016\/04\/Portraitfoto-Herr-im-Anzug.jpg\" height=\"677\" width=\"450\" class=\"aligncenter wp-image-3275\" alt=\"Portrait photo of a gentleman in a suit\" srcset=\"https:\/\/photogenika.de\/wp-content\/uploads\/2016\/04\/Portraitfoto-Herr-im-Anzug.jpg 399w, https:\/\/photogenika.de\/wp-content\/uploads\/2016\/04\/Portraitfoto-Herr-im-Anzug-200x300.jpg 200w\" sizes=\"(max-width: 450px) 100vw, 450px\" \/> <\/a><\/p>\n<p><a href=\"https:\/\/photogenika.de\/wp-content\/uploads\/2016\/04\/Portrait-Mann-mit-naktem-Oberkoerper.jpg\"><img loading=\"lazy\" decoding=\"async\" src=\"https:\/\/photogenika.de\/wp-content\/uploads\/2016\/04\/Portrait-Mann-mit-naktem-Oberkoerper.jpg\" height=\"677\" width=\"450\" class=\"aligncenter wp-image-3272\" alt=\"Portrait of a shirtless man\" srcset=\"https:\/\/photogenika.de\/wp-content\/uploads\/2016\/04\/Portrait-Mann-mit-naktem-Oberkoerper.jpg 399w, https:\/\/photogenika.de\/wp-content\/uploads\/2016\/04\/Portrait-Mann-mit-naktem-Oberkoerper-200x300.jpg 200w\" sizes=\"(max-width: 450px) 100vw, 450px\" \/> <\/a><\/p>\n<p><a href=\"https:\/\/photogenika.de\/wp-content\/uploads\/2016\/04\/Portraitbild-Mann-auf-Couch.jpg\"><img loading=\"lazy\" decoding=\"async\" src=\"https:\/\/photogenika.de\/wp-content\/uploads\/2016\/04\/Portraitbild-Mann-auf-Couch.jpg\" height=\"677\" width=\"450\" class=\"aligncenter wp-image-3273\" alt=\"Portrait of a man on a couch\" srcset=\"https:\/\/photogenika.de\/wp-content\/uploads\/2016\/04\/Portraitbild-Mann-auf-Couch.jpg 399w, https:\/\/photogenika.de\/wp-content\/uploads\/2016\/04\/Portraitbild-Mann-auf-Couch-200x300.jpg 200w\" sizes=\"(max-width: 450px) 100vw, 450px\" \/> <\/a><\/p>\n<p><a href=\"https:\/\/photogenika.de\/wp-content\/uploads\/2016\/04\/Portraitfotografie-Mann-Oberkoerper.jpg\"><img loading=\"lazy\" decoding=\"async\" src=\"https:\/\/photogenika.de\/wp-content\/uploads\/2016\/04\/Portraitfotografie-Mann-Oberkoerper.jpg\" height=\"598\" width=\"900\" class=\"aligncenter wp-image-3278 size-full\" alt=\"Portrait photography man upper body\" srcset=\"https:\/\/photogenika.de\/wp-content\/uploads\/2016\/04\/Portraitfotografie-Mann-Oberkoerper.jpg 900w, https:\/\/photogenika.de\/wp-content\/uploads\/2016\/04\/Portraitfotografie-Mann-Oberkoerper-768x510.jpg 768w, https:\/\/photogenika.de\/wp-content\/uploads\/2016\/04\/Portraitfotografie-Mann-Oberkoerper-300x199.jpg 300w\" sizes=\"(max-width: 900px) 100vw, 900px\" \/> <\/a><\/p>\n<p><a href=\"https:\/\/photogenika.de\/wp-content\/uploads\/2016\/04\/Portraitfotografie.jpg\"><img loading=\"lazy\" decoding=\"async\" src=\"https:\/\/photogenika.de\/wp-content\/uploads\/2016\/04\/Portraitfotografie.jpg\" height=\"677\" width=\"450\" class=\"aligncenter wp-image-3279\" alt=\"portrait photography\" srcset=\"https:\/\/photogenika.de\/wp-content\/uploads\/2016\/04\/Portraitfotografie.jpg 399w, https:\/\/photogenika.de\/wp-content\/uploads\/2016\/04\/Portraitfotografie-200x300.jpg 200w\" sizes=\"(max-width: 450px) 100vw, 450px\" \/> <\/a><\/p>\n<p><a href=\"https:\/\/photogenika.de\/wp-content\/uploads\/2016\/04\/Portraitfotos-junger-Mann-mit-Scateboard.jpg\"><img loading=\"lazy\" decoding=\"async\" src=\"https:\/\/photogenika.de\/wp-content\/uploads\/2016\/04\/Portraitfotos-junger-Mann-mit-Scateboard.jpg\" height=\"598\" width=\"900\" class=\"aligncenter wp-image-3280 size-full\" alt=\"Portrait photos of young man with skateboard\" srcset=\"https:\/\/photogenika.de\/wp-content\/uploads\/2016\/04\/Portraitfotos-junger-Mann-mit-Scateboard.jpg 900w, https:\/\/photogenika.de\/wp-content\/uploads\/2016\/04\/Portraitfotos-junger-Mann-mit-Scateboard-768x510.jpg 768w, https:\/\/photogenika.de\/wp-content\/uploads\/2016\/04\/Portraitfotos-junger-Mann-mit-Scateboard-300x199.jpg 300w\" sizes=\"(max-width: 900px) 100vw, 900px\" \/> <\/a><\/p>\n<p><a href=\"https:\/\/photogenika.de\/wp-content\/uploads\/2016\/04\/Portraitbilder.jpg\"><img loading=\"lazy\" decoding=\"async\" src=\"https:\/\/photogenika.de\/wp-content\/uploads\/2016\/04\/Portraitbilder.jpg\" height=\"677\" width=\"450\" class=\"aligncenter wp-image-3274\" alt=\"portrait pictures\" srcset=\"https:\/\/photogenika.de\/wp-content\/uploads\/2016\/04\/Portraitbilder.jpg 399w, https:\/\/photogenika.de\/wp-content\/uploads\/2016\/04\/Portraitbilder-200x300.jpg 200w\" sizes=\"(max-width: 450px) 100vw, 450px\" \/> <\/a><\/p>","protected":false},"excerpt":{"rendered":"<p>Heute m\u00f6chten wir den M\u00e4nnern unter Ihnen nahe legen, sich f\u00fcr ein Portraitfoto in unserem Fotostudio ablichten zu lassen, denn das ist nicht nur etwas f\u00fcr Frauen&#8230; Warum Portraitfotografie f\u00fcr M\u00e4nner? Sie sind auf Xing, Facebook oder anderen sozialen Plattformen? Warum nicht auch ein professionelles Portraitfoto?! Mit einen charakterstarken Portrait kann man sich doch wunderbar [&hellip;]<\/p>\n","protected":false},"author":7,"featured_media":3273,"comment_status":"closed","ping_status":"closed","sticky":false,"template":"","format":"standard","meta":{"footnotes":""},"categories":[162,13],"tags":[12,14,21],"class_list":["post-3268","post","type-post","status-publish","format-standard","has-post-thumbnail","hentry","category-import","category-portraitfotografie","tag-portraitbilder","tag-portraits","tag-studiofotografie"],"_links":{"self":[{"href":"https:\/\/photogenika.de\/en\/wp-json\/wp\/v2\/posts\/3268","targetHints":{"allow":["GET"]}}],"collection":[{"href":"https:\/\/photogenika.de\/en\/wp-json\/wp\/v2\/posts"}],"about":[{"href":"https:\/\/photogenika.de\/en\/wp-json\/wp\/v2\/types\/post"}],"author":[{"embeddable":true,"href":"https:\/\/photogenika.de\/en\/wp-json\/wp\/v2\/users\/7"}],"replies":[{"embeddable":true,"href":"https:\/\/photogenika.de\/en\/wp-json\/wp\/v2\/comments?post=3268"}],"version-history":[{"count":0,"href":"https:\/\/photogenika.de\/en\/wp-json\/wp\/v2\/posts\/3268\/revisions"}],"wp:featuredmedia":[{"embeddable":true,"href":"https:\/\/photogenika.de\/en\/wp-json\/wp\/v2\/media\/3273"}],"wp:attachment":[{"href":"https:\/\/photogenika.de\/en\/wp-json\/wp\/v2\/media?parent=3268"}],"wp:term":[{"taxonomy":"category","embeddable":true,"href":"https:\/\/photogenika.de\/en\/wp-json\/wp\/v2\/categories?post=3268"},{"taxonomy":"post_tag","embeddable":true,"href":"https:\/\/photogenika.de\/en\/wp-json\/wp\/v2\/tags?post=3268"}],"curies":[{"name":"wp","href":"https:\/\/api.w.org\/{rel}","templated":true}]}}