{"id":21484,"date":"2015-12-11T05:00:00","date_gmt":"2015-12-11T04:00:00","guid":{"rendered":"http:\/\/wordpress.p275383.webspaceconfig.de\/2015\/12\/11\/businessfotos-vom-fotograf-business-portraits-muenchen\/"},"modified":"2015-12-11T05:00:00","modified_gmt":"2015-12-11T04:00:00","slug":"business-photos-from-the-photographer-business-portraits-munich-2","status":"publish","type":"post","link":"https:\/\/photogenika.de\/en\/businessfotos-vom-fotograf-business-portraits-muenchen\/","title":{"rendered":"Business photos from the photographer for Business Portraits Munich"},"content":{"rendered":"<p>For every company, the appearance it shows to the outside is of the greatest importance, since most customers and especially potential new customers make their cooperation with the company dependent on this. It is primarily the popular &quot;first impression&quot; that allows a customer to decide intuitively whether, for example, to stay on the website or not. At Photogenika, we immediately think of expressive ones <a href=\"\/en\/company-portrait-employee-photos\/\" target=\"_blank\" rel=\"noopener noreferrer\">business photos<\/a>, because even in the marketing world, a photo sometimes says more than a thousand words. And the possibilities for business photos Munich are as diverse as there are people in the world. Whether for new flyers, homepages or entire campaigns. We at Photogenika provide you with the right business portraits according to your wishes and ideas. Our photographers will advise you individually on suitable outfits, backgrounds and positions right from the start of the collaboration.<br \/>\nIt was only in the spring of this year that we were allowed to photograph the business photos for the campaign of the Munich branch of a large company. The style of the pictures was already fixed for this, since the shots were to match the existing campaign, but the new location gave us the necessary creative freedom. It was important that the images should appear dynamic and modern, but not stiff or old-fashioned. In order to give the pictures some natural charm, the employees were photographed directly at their workplaces. The individual of <a href=\"\/en\/company-portrait-employee-photos\/\" target=\"_blank\" rel=\"noopener noreferrer\">business portraits<\/a> was reinforced here on the one hand by the choice of perspective, as well as the lighting typical for the campaign.<br \/>\nWe then put together the finished shots of this business shoot. And what do you mean? A real eye-catcher, right?<br \/>\nYours, Alessia<br \/>\n&nbsp;<\/p>\n<div class=\"separator\" style=\"clear: both;text-align: center\"><a style=\"margin-left: 1em;margin-right: 1em\" href=\"http:\/\/4.bp.blogspot.com\/-MqjSfvbsWZI\/VgPEcZXGocI\/AAAAAAAAEuo\/9AxdgOA994A\/s1600\/01-Businessfotos.jpg\" target=\"_blank\" rel=\"noopener\"><img fetchpriority=\"high\" decoding=\"async\" title=\"business photos\" src=\"https:\/\/photogenika.de\/wp-content\/uploads\/2015\/12\/01-Businessfotos-2.jpg\" alt=\"business photos\" width=\"400\" height=\"265\" border=\"0\"><\/a><\/div>\n<p>&nbsp;<\/p>\n<div class=\"separator\" style=\"clear: both;text-align: center\"><a style=\"margin-left: 1em;margin-right: 1em\" href=\"http:\/\/1.bp.blogspot.com\/-PQd9SrJvQSw\/VgPEcTB4ZDI\/AAAAAAAAEus\/mwkocLZbpsQ\/s1600\/02-Business-Fotos%2B-Muenchen.jpg\" target=\"_blank\" rel=\"noopener\"><img decoding=\"async\" src=\"https:\/\/photogenika.de\/wp-content\/uploads\/2015\/12\/02-Business-Fotos-Muenchen-1.jpg\" height=\"265\" width=\"400\" alt=\"Business photos Munich\" title=\"Business photos Munich\" border=\"0\"  > <\/a><\/div>\n<p>&nbsp;<\/p>\n<div class=\"separator\" style=\"clear: both;text-align: center\"><a style=\"margin-left: 1em;margin-right: 1em\" href=\"http:\/\/1.bp.blogspot.com\/-i3KRem4dH6M\/VgPEcLJ7hdI\/AAAAAAAAEu4\/o1iegYH4awI\/s1600\/03-Fotograf-Business-Portraits-Muenchen.jpg\" target=\"_blank\" rel=\"noopener\"><img decoding=\"async\" title=\"Photographer Business Portraits Munich\" src=\"https:\/\/photogenika.de\/wp-content\/uploads\/2015\/12\/03-Fotograf-Business-Portraits-Muenchen-2.jpg\" alt=\"Photographer Business Portraits Munich\" width=\"400\" height=\"265\" border=\"0\"><\/a><\/div>\n<p>&nbsp;<\/p>\n<div class=\"separator\" style=\"clear: both;text-align: center\"><a style=\"margin-left: 1em;margin-right: 1em\" href=\"http:\/\/2.bp.blogspot.com\/-Hj-FMcf0IMg\/VgPEdFwQizI\/AAAAAAAAEuw\/cGP1Kxzy_Kc\/s1600\/04-Businessfotos.jpg\" target=\"_blank\" rel=\"noopener\"><img loading=\"lazy\" decoding=\"async\" title=\"business photos\" src=\"https:\/\/photogenika.de\/wp-content\/uploads\/2015\/12\/04-Businessfotos-2.jpg\" alt=\"business photos\" width=\"400\" height=\"265\" border=\"0\"><\/a><\/div>\n<p>&nbsp;<\/p>\n<div class=\"separator\" style=\"clear: both;text-align: center\"><a style=\"margin-left: 1em;margin-right: 1em\" href=\"http:\/\/2.bp.blogspot.com\/-oX_qidtyEpY\/VgPEdiYuVNI\/AAAAAAAAEvA\/rrLusJgR6bA\/s1600\/05-Business-Fotos-Muenchen.jpg\" target=\"_blank\" rel=\"noopener\"><img loading=\"lazy\" decoding=\"async\" title=\"Business photos Munich\" src=\"https:\/\/photogenika.de\/wp-content\/uploads\/2015\/12\/05-Business-Fotos-Muenchen-2.jpg\" alt=\"Business photos Munich\" width=\"400\" height=\"265\" border=\"0\"><\/a><\/div>\n<p>&nbsp;<\/p>\n<div class=\"separator\" style=\"clear: both;text-align: center\"><a style=\"margin-left: 1em;margin-right: 1em\" href=\"http:\/\/3.bp.blogspot.com\/-RA3ARa6N8Lw\/VgPEd_8KR6I\/AAAAAAAAEu8\/sNVZZVWUstA\/s1600\/06-Businessfoto.jpg\" target=\"_blank\" rel=\"noopener\"><img loading=\"lazy\" decoding=\"async\" title=\"business photo\" src=\"https:\/\/photogenika.de\/wp-content\/uploads\/2015\/12\/06-Businessfoto-2.jpg\" alt=\"business photo\" width=\"400\" height=\"265\" border=\"0\"><\/a><\/div>\n<p>&nbsp;<\/p>","protected":false},"excerpt":{"rendered":"<p>F\u00fcr jede Firma ist das Auftreten, welches sie nach au\u00dfen hin zeigt von gr\u00f6\u00dfter Bedeutung, da die meisten Kunden und vor allem potentielle Neukunden anhand von diesem ihre Zusammenarbeit mit der Firma abh\u00e4ngig machen. Es ist in erster Linie der beliebte \u201eerste Eindruck\u201c, den einen Kunden intuitiv entscheiden l\u00e4sst, ob man z.B. auf der Website [&hellip;]<\/p>\n","protected":false},"author":7,"featured_media":5983,"comment_status":"closed","ping_status":"closed","sticky":false,"template":"","format":"standard","meta":{"footnotes":""},"categories":[15],"tags":[32,35],"class_list":["post-21484","post","type-post","status-publish","format-standard","has-post-thumbnail","hentry","category-firmenportrait-mitarbeiterfotos","tag-businessfotografie","tag-unternehmensfotografie"],"_links":{"self":[{"href":"https:\/\/photogenika.de\/en\/wp-json\/wp\/v2\/posts\/21484","targetHints":{"allow":["GET"]}}],"collection":[{"href":"https:\/\/photogenika.de\/en\/wp-json\/wp\/v2\/posts"}],"about":[{"href":"https:\/\/photogenika.de\/en\/wp-json\/wp\/v2\/types\/post"}],"author":[{"embeddable":true,"href":"https:\/\/photogenika.de\/en\/wp-json\/wp\/v2\/users\/7"}],"replies":[{"embeddable":true,"href":"https:\/\/photogenika.de\/en\/wp-json\/wp\/v2\/comments?post=21484"}],"version-history":[{"count":0,"href":"https:\/\/photogenika.de\/en\/wp-json\/wp\/v2\/posts\/21484\/revisions"}],"wp:featuredmedia":[{"embeddable":true,"href":"https:\/\/photogenika.de\/en\/wp-json\/wp\/v2\/media\/5983"}],"wp:attachment":[{"href":"https:\/\/photogenika.de\/en\/wp-json\/wp\/v2\/media?parent=21484"}],"wp:term":[{"taxonomy":"category","embeddable":true,"href":"https:\/\/photogenika.de\/en\/wp-json\/wp\/v2\/categories?post=21484"},{"taxonomy":"post_tag","embeddable":true,"href":"https:\/\/photogenika.de\/en\/wp-json\/wp\/v2\/tags?post=21484"}],"curies":[{"name":"wp","href":"https:\/\/api.w.org\/{rel}","templated":true}]}}