{"id":21451,"date":"2014-07-18T04:00:00","date_gmt":"2014-07-18T02:00:00","guid":{"rendered":"http:\/\/wordpress.p275383.webspaceconfig.de\/2014\/07\/18\/unser-eventfotograf-munchen-unterwegs\/"},"modified":"2014-07-18T04:00:00","modified_gmt":"2014-07-18T02:00:00","slug":"our-event-photographer-munich-on-the-go-2","status":"publish","type":"post","link":"https:\/\/photogenika.de\/en\/unser-eventfotograf-munchen-unterwegs\/","title":{"rendered":"Our Munich event photographer on the go"},"content":{"rendered":"<p>Are you planning a trade fair, a press conference, a conference, a company party, a christening or a bachelorette party? An event photographer in Munich is also an asset for your event.<br \/>\nThen you have come to the right place for event photography in Munich. Our <a href=\"http:\/\/www.fotostudio-im-westend.de\/businessfotografie\/eventfotografie\" target=\"_blank\" rel=\"noopener noreferrer\">Event photographer Munich<\/a> accompanies you at your special events and documents what happened for partners, families, friends or the company. Do you want to put a small slide show on your website with the pictures of the event photography from the last big company event? Are you planning a very special bachelorette party with fun ideas and unforgettable moments that you would like to put together in an album or video for the bride to remember? Or are you celebrating a milestone birthday at the Oktoberfest with everything that goes with it?<br \/>\nNo matter what you are planning, our Munich event photographer will photograph your event, trade fair, press conference, conference or company party in an atmospheric and appealing, genuine way and with all emotions and impressions. You can rely on our event photographer.<br \/>\nPerhaps you will discover more than you expect when looking through the photos and images from Eventfotografie M\u00fcnchen!<br \/>\nYours, Alessia<\/p>\n<div class=\"separator\" style=\"clear: both;text-align: center\"><\/div>\n<div class=\"separator\" style=\"clear: both;text-align: center\"><a style=\"margin-left: 1em;margin-right: 1em\" href=\"https:\/\/photogenika.de\/wp-content\/uploads\/2015\/12\/03-eventfotograf-muenchen.jpg\"><img fetchpriority=\"high\" decoding=\"async\" src=\"https:\/\/photogenika.de\/wp-content\/uploads\/2015\/12\/03-eventfotograf-muenchen.jpg\" height=\"265\" width=\"400\" alt=\"Event photographer Munich\" title=\"Event photographer Munich\" border=\"0\"  > <\/a><\/div>\n<div class=\"separator\" style=\"clear: both;text-align: center\"><a style=\"margin-left: 1em;margin-right: 1em\" href=\"https:\/\/photogenika.de\/wp-content\/uploads\/2015\/12\/04-eventfotograf-muenchen.jpg\"><img decoding=\"async\" src=\"https:\/\/photogenika.de\/wp-content\/uploads\/2015\/12\/04-eventfotograf-muenchen.jpg\" height=\"400\" width=\"265\" alt=\"Event photographer Munich\" title=\"Event photographer Munich\" border=\"0\"  > <\/a><\/div>\n<div class=\"separator\" style=\"clear: both;text-align: center\"><a style=\"margin-left: 1em;margin-right: 1em\" href=\"https:\/\/photogenika.de\/wp-content\/uploads\/2015\/12\/05-eventfotograf-muenchen.jpg\"><img decoding=\"async\" title=\"Event photographer Munich\" src=\"https:\/\/photogenika.de\/wp-content\/uploads\/2015\/12\/05-eventfotograf-muenchen.jpg\" alt=\"Event photographer Munich\" width=\"400\" height=\"265\" border=\"0\" \/><\/a><\/div>\n<div class=\"separator\" style=\"clear: both;text-align: center\"><a style=\"margin-left: 1em;margin-right: 1em\" href=\"https:\/\/photogenika.de\/wp-content\/uploads\/2015\/12\/06-eventfotograf-muenchen.jpg\"><img loading=\"lazy\" decoding=\"async\" src=\"https:\/\/photogenika.de\/wp-content\/uploads\/2015\/12\/06-eventfotograf-muenchen.jpg\" height=\"400\" width=\"265\" alt=\"Event photographer Munich\" title=\"Event photographer Munich\" border=\"0\"  > <\/a><\/div>\n<div class=\"separator\" style=\"clear: both;text-align: center\"><a style=\"margin-left: 1em;margin-right: 1em\" href=\"https:\/\/photogenika.de\/wp-content\/uploads\/2015\/12\/07-reportagefotografie.jpg\"><img loading=\"lazy\" decoding=\"async\" src=\"https:\/\/photogenika.de\/wp-content\/uploads\/2015\/12\/07-reportagefotografie.jpg\" height=\"400\" width=\"265\" alt=\"reportage photography\" title=\"reportage photography\" border=\"0\"  > <\/a><\/div>\n<div class=\"separator\" style=\"clear: both;text-align: center\"><a style=\"margin-left: 1em;margin-right: 1em\" href=\"https:\/\/photogenika.de\/wp-content\/uploads\/2015\/12\/08-reportagefotografie.jpg\"><img loading=\"lazy\" decoding=\"async\" title=\"reportage photography\" src=\"https:\/\/photogenika.de\/wp-content\/uploads\/2015\/12\/08-reportagefotografie.jpg\" alt=\"reportage photography\" width=\"400\" height=\"265\" border=\"0\" \/><\/a><\/div>\n<div class=\"separator\" style=\"clear: both;text-align: center\"><a style=\"margin-left: 1em;margin-right: 1em\" href=\"https:\/\/photogenika.de\/wp-content\/uploads\/2015\/12\/09-reportagefotografie.jpg\"><img loading=\"lazy\" decoding=\"async\" src=\"https:\/\/photogenika.de\/wp-content\/uploads\/2015\/12\/09-reportagefotografie.jpg\" height=\"265\" width=\"400\" alt=\"reportage photography\" title=\"reportage photography\" border=\"0\"  > <\/a><\/div>\n<div class=\"separator\" style=\"clear: both;text-align: center\"><a style=\"margin-left: 1em;margin-right: 1em\" href=\"https:\/\/photogenika.de\/wp-content\/uploads\/2015\/12\/10-eventfotografie.jpg\"><img loading=\"lazy\" decoding=\"async\" src=\"https:\/\/photogenika.de\/wp-content\/uploads\/2015\/12\/10-eventfotografie.jpg\" height=\"265\" width=\"400\" alt=\"Event Photography\" title=\"Event Photography\" border=\"0\"  > <\/a><\/div>\n<div class=\"separator\" style=\"clear: both;text-align: center\"><a style=\"margin-left: 1em;margin-right: 1em\" href=\"https:\/\/photogenika.de\/wp-content\/uploads\/2015\/12\/11-eventfotografie.jpg\"><img loading=\"lazy\" decoding=\"async\" src=\"https:\/\/photogenika.de\/wp-content\/uploads\/2015\/12\/11-eventfotografie.jpg\" height=\"265\" width=\"400\" alt=\"Event Photography\" title=\"Event Photography\" border=\"0\"  > <\/a><\/div>\n<div class=\"separator\" style=\"clear: both;text-align: center\"><a style=\"margin-left: 1em;margin-right: 1em\" href=\"https:\/\/photogenika.de\/wp-content\/uploads\/2015\/12\/12-fotoreportage.jpg\"><img loading=\"lazy\" decoding=\"async\" src=\"https:\/\/photogenika.de\/wp-content\/uploads\/2015\/12\/12-fotoreportage.jpg\" height=\"265\" width=\"400\" alt=\"photo reportage\" title=\"photo reportage\" border=\"0\"  > <\/a><\/div>\n<div class=\"separator\" style=\"clear: both;text-align: center\"><a style=\"margin-left: 1em;margin-right: 1em\" href=\"https:\/\/photogenika.de\/wp-content\/uploads\/2015\/12\/13-eventfotograf.jpg\"><img loading=\"lazy\" decoding=\"async\" src=\"https:\/\/photogenika.de\/wp-content\/uploads\/2015\/12\/13-eventfotograf.jpg\" height=\"265\" width=\"400\" alt=\"event photographer\" title=\"event photographer\" border=\"0\"  > <\/a><\/div>\n<div class=\"separator\" style=\"clear: both;text-align: center\"><a style=\"margin-left: 1em;margin-right: 1em\" href=\"https:\/\/photogenika.de\/wp-content\/uploads\/2015\/12\/14-eventfotograf.jpg\"><img loading=\"lazy\" decoding=\"async\" title=\"event photographer\" src=\"https:\/\/photogenika.de\/wp-content\/uploads\/2015\/12\/14-eventfotograf.jpg\" alt=\"event photographer\" width=\"400\" height=\"265\" border=\"0\" \/><\/a><\/div>\n<div class=\"separator\" style=\"clear: both;text-align: center\"><a style=\"margin-left: 1em;margin-right: 1em\" href=\"https:\/\/photogenika.de\/wp-content\/uploads\/2015\/12\/15-eventfotografie-muenchen.jpg\"><img loading=\"lazy\" decoding=\"async\" src=\"https:\/\/photogenika.de\/wp-content\/uploads\/2015\/12\/15-eventfotografie-muenchen.jpg\" height=\"265\" width=\"400\" alt=\"Event photography Munich\" title=\"Event photography Munich\" border=\"0\"  > <\/a><\/div>\n<div class=\"separator\" style=\"clear: both;text-align: center\"><a style=\"margin-left: 1em;margin-right: 1em\" href=\"https:\/\/photogenika.de\/wp-content\/uploads\/2015\/12\/16-eventfotografie-muenchen.jpg\"><img loading=\"lazy\" decoding=\"async\" src=\"https:\/\/photogenika.de\/wp-content\/uploads\/2015\/12\/16-eventfotografie-muenchen.jpg\" height=\"265\" width=\"400\" alt=\"Event photography Munich\" title=\"Event photography Munich\" border=\"0\"  > <\/a><\/div>","protected":false},"excerpt":{"rendered":"<p>Planen Sie eine Messe, eine Pressekonferenz, eine Tagung, eine Firmenfeier, eine Taufe oder einen Junggesellinenabschied? Ein Eventfotograf M\u00fcnchen ist auch f\u00fcr Ihre Veranstaltung ein Gewinn. Dann sind Sie f\u00fcr Eventfotografie M\u00fcnchen bei uns genau richtig. Unser Eventfotograf M\u00fcnchen begleitet Sie bei Ihren besonderen Ereignissen und dokumentiert f\u00fcr Partner, Familien, Freunde oder die Firma das Geschehene.\u00a0Wollen [&hellip;]<\/p>\n","protected":false},"author":7,"featured_media":1811,"comment_status":"closed","ping_status":"closed","sticky":false,"template":"","format":"standard","meta":{"footnotes":""},"categories":[63],"tags":[64],"class_list":["post-21451","post","type-post","status-publish","format-standard","has-post-thumbnail","hentry","category-eventfotografie","tag-veranstaltungsfotografie"],"_links":{"self":[{"href":"https:\/\/photogenika.de\/en\/wp-json\/wp\/v2\/posts\/21451","targetHints":{"allow":["GET"]}}],"collection":[{"href":"https:\/\/photogenika.de\/en\/wp-json\/wp\/v2\/posts"}],"about":[{"href":"https:\/\/photogenika.de\/en\/wp-json\/wp\/v2\/types\/post"}],"author":[{"embeddable":true,"href":"https:\/\/photogenika.de\/en\/wp-json\/wp\/v2\/users\/7"}],"replies":[{"embeddable":true,"href":"https:\/\/photogenika.de\/en\/wp-json\/wp\/v2\/comments?post=21451"}],"version-history":[{"count":0,"href":"https:\/\/photogenika.de\/en\/wp-json\/wp\/v2\/posts\/21451\/revisions"}],"wp:featuredmedia":[{"embeddable":true,"href":"https:\/\/photogenika.de\/en\/wp-json\/wp\/v2\/media\/1811"}],"wp:attachment":[{"href":"https:\/\/photogenika.de\/en\/wp-json\/wp\/v2\/media?parent=21451"}],"wp:term":[{"taxonomy":"category","embeddable":true,"href":"https:\/\/photogenika.de\/en\/wp-json\/wp\/v2\/categories?post=21451"},{"taxonomy":"post_tag","embeddable":true,"href":"https:\/\/photogenika.de\/en\/wp-json\/wp\/v2\/tags?post=21451"}],"curies":[{"name":"wp","href":"https:\/\/api.w.org\/{rel}","templated":true}]}}