{"id":21438,"date":"2012-11-02T16:49:00","date_gmt":"2012-11-02T15:49:00","guid":{"rendered":"http:\/\/wordpress.p275383.webspaceconfig.de\/2012\/11\/02\/aus-dem-tagebuch-einer-azubine-barbara\/"},"modified":"2012-11-02T16:49:00","modified_gmt":"2012-11-02T15:49:00","slug":"from-the-diary-of-a-trainee-barbara","status":"publish","type":"post","link":"https:\/\/photogenika.de\/en\/aus-dem-tagebuch-einer-azubine-barbara\/","title":{"rendered":"From the diary of an apprentice \u2013 Barbara and \u201cour little ones\u201d"},"content":{"rendered":"<p>As we all know, time doesn&#039;t just come with it<br \/>\nthe advice but also the deed. And after me, Barbara, yes now too<br \/>\nbeen photographing at Fotostudio Photogenika for a while is increasing<br \/>\nof course also my area of responsibility from trainee to photographer. From the<br \/>\nmany assistants during the photo shoots with the other photographers<br \/>\nI learned so much and realized that I&#039;m slowly starting to understand myself<br \/>\nto dare to approach different series of photos.<\/p>\n<div class=\"MsoNormal\"><\/div>\n<div class=\"MsoNormal\">For example, I just recently got my first photogenic card<br \/>\nphotographed alone! It was really fun with the little Grinsekater. On<br \/>\nThe pictures also show you how the result turned out. It is at<br \/>\nour photogenic card for a campaign for families with children who are planning<br \/>\nto come to our photo studio more often to take pictures. You only pay<br \/>\nonce for three years and you can visit us with your children as often as you like<br \/>\nPhoto studio come as you like.<\/div>\n<div class=\"MsoNormal\"><\/div>\n<div class=\"MsoNormal\">So it doesn&#039;t matter whether it&#039;s once a year, once a month or every<br \/>\nweek, photographing costs in the three years in which the <a href=\"https:\/\/alt.photogenika.de\/photogenikarte-kinderpass\/\" target=\"_blank\" rel=\"noopener noreferrer\">photogenic card<\/a><br \/>\napplies only once. You only pay for the pictures you take<br \/>\nthen choose. And best of all: there are even orders for pictures<br \/>\n50% discount! As a little treat, the whole family can also visit the<br \/>\nyear for free with photograph. The beauty is that you have the time<br \/>\nyou can use the photos to watch your little ones grow up<br \/>\nare. We, too, always look forward to the Photogenikarten children who are going to<br \/>\nFotostudio Photogenika come, because even we are sometimes amazed at how<br \/>\nthe little ones grow fast.<\/div>\n<div class=\"MsoNormal\"><\/div>\n<div class=\"MsoNormal\">I hope you enjoy the pictures.<\/div>\n<div class=\"MsoNormal\"><\/div>\n<div class=\"MsoNormal\">See you soon, <a href=\"http:\/\/www.blogger.com\/blogger.g?blogID=264197821657595089\" name=\"_GoBack\" target=\"_blank\" rel=\"noopener\"><\/a><\/div>\n<div class=\"MsoNormal\">Your Barbara<\/div>\n<div class=\"separator\" style=\"clear: both;text-align: center\"><\/div>\n<div class=\"separator\" style=\"clear: both;text-align: center\"><a style=\"margin-left: 1em;margin-right: 1em\" href=\"http:\/\/2.bp.blogspot.com\/-BclH-qZKQ3s\/UJP3NtuVzHI\/AAAAAAAABs4\/dIMs7ERZx6w\/s1600\/14_Photogenika.jpg\" target=\"_blank\" rel=\"noopener\"><img fetchpriority=\"high\" decoding=\"async\" src=\"https:\/\/photogenika.de\/wp-content\/uploads\/2015\/12\/14_Photogenika.jpg\" height=\"320\" width=\"212\" alt=\"Baby photos Munich\" title=\"Baby photos Munich\" border=\"0\"  > <\/a><\/div>\n<div class=\"separator\" style=\"clear: both;text-align: center\"><a style=\"margin-left: 1em;margin-right: 1em\" href=\"http:\/\/3.bp.blogspot.com\/-7Wrmdb2QaBE\/UJP3R6RFtvI\/AAAAAAAABtI\/ZKpli8JCW_0\/s1600\/28_Photogenika.jpg\" target=\"_blank\" rel=\"noopener\"><img decoding=\"async\" src=\"https:\/\/photogenika.de\/wp-content\/uploads\/2015\/12\/28_Photogenika.jpg\" height=\"212\" width=\"320\" alt=\"baby photos\" title=\"baby photos\" border=\"0\"  > <\/a><\/div>\n<div class=\"separator\" style=\"clear: both;text-align: center\"><a style=\"margin-left: 1em;margin-right: 1em\" href=\"http:\/\/2.bp.blogspot.com\/-V_ryhecUXCM\/UJP3VwkWGyI\/AAAAAAAABtQ\/owb4dNhioEc\/s1600\/32_Photogenika.jpg\" target=\"_blank\" rel=\"noopener\"><img decoding=\"async\" title=\"baby photography\" src=\"https:\/\/photogenika.de\/wp-content\/uploads\/2015\/12\/32_Photogenika.jpg\" alt=\"baby photography\" width=\"320\" height=\"212\" border=\"0\" \/><\/a><\/div>","protected":false},"excerpt":{"rendered":"<p>Wie man ja bekanntlich wei\u00df, kommt mit der Zeit nicht nur der Rat, sondern auch die Tat. Und nach dem ich, Barbara, ja mittlerweile auch schon eine Weile bei Fotostudio Photogenika fotografiere, vergr\u00f6\u00dfert sich nat\u00fcrlich auch mein Aufgabenbereich von der Azubine zur Fotografin. Aus dem vielen Assistieren w\u00e4hrend der Fotoshootings bei den anderen Fotografinnen habe [&hellip;]<\/p>\n","protected":false},"author":7,"featured_media":2055,"comment_status":"closed","ping_status":"closed","sticky":false,"template":"","format":"standard","meta":{"footnotes":""},"categories":[9],"tags":[18,40],"class_list":["post-21438","post","type-post","status-publish","format-standard","has-post-thumbnail","hentry","category-photogenika","tag-ausbildung","tag-geschenkideen"],"_links":{"self":[{"href":"https:\/\/photogenika.de\/en\/wp-json\/wp\/v2\/posts\/21438","targetHints":{"allow":["GET"]}}],"collection":[{"href":"https:\/\/photogenika.de\/en\/wp-json\/wp\/v2\/posts"}],"about":[{"href":"https:\/\/photogenika.de\/en\/wp-json\/wp\/v2\/types\/post"}],"author":[{"embeddable":true,"href":"https:\/\/photogenika.de\/en\/wp-json\/wp\/v2\/users\/7"}],"replies":[{"embeddable":true,"href":"https:\/\/photogenika.de\/en\/wp-json\/wp\/v2\/comments?post=21438"}],"version-history":[{"count":0,"href":"https:\/\/photogenika.de\/en\/wp-json\/wp\/v2\/posts\/21438\/revisions"}],"wp:featuredmedia":[{"embeddable":true,"href":"https:\/\/photogenika.de\/en\/wp-json\/wp\/v2\/media\/2055"}],"wp:attachment":[{"href":"https:\/\/photogenika.de\/en\/wp-json\/wp\/v2\/media?parent=21438"}],"wp:term":[{"taxonomy":"category","embeddable":true,"href":"https:\/\/photogenika.de\/en\/wp-json\/wp\/v2\/categories?post=21438"},{"taxonomy":"post_tag","embeddable":true,"href":"https:\/\/photogenika.de\/en\/wp-json\/wp\/v2\/tags?post=21438"}],"curies":[{"name":"wp","href":"https:\/\/api.w.org\/{rel}","templated":true}]}}