{"id":21435,"date":"2013-03-13T05:57:00","date_gmt":"2013-03-13T04:57:00","guid":{"rendered":"http:\/\/wordpress.p275383.webspaceconfig.de\/2013\/03\/13\/gesellenprufung-zur-fotografin-unserer\/"},"modified":"2023-02-21T12:06:18","modified_gmt":"2023-02-21T11:06:18","slug":"journeyman-examination-to-be-photographer-our-2","status":"publish","type":"post","link":"https:\/\/photogenika.de\/en\/gesellenprufung-zur-fotografin-unserer\/","title":{"rendered":"Journeyman examination to become a photographer for our former trainee Sonja"},"content":{"rendered":"<p>Sonya:<\/p>\n<div class=\"MsoNormal\">In this year&#039;s journeyman&#039;s examination for photographers, the photographic part within my focus (portrait photography) for a hotel brochure was to photograph the employees in their working environment. The picture ideas were immediately in my head and literally called for an immediate implementation. However, the \u201cimmediate\u201d was anything but easy, since each examinee had to organize the hotel himself and exactly in the week in which this part of the examination was to be photographed, the construction fair in Munich was taking place and therefore no hotel was willing to offer me its employees for the photographic implementation of my on-site examination. After a good two days and what felt like an endless number of rejections, I still had exactly one hotel on my call list: The La Villa on Lake Starnberg - a hotel for conferences and festivities. When one of the employees then informed me that they could fulfill my wish to be able to take pictures with them, my state of mind shot from sad to death to jubilant in a matter of seconds, because to be honest, I was almost there, or rather in the middle of it Despair!<\/div>\n<div class=\"MsoNormal\">Three days later I made my way to Niederp\u00f6cking \/ Starnberger See with a bag and a photographer&#039;s pack and an incredibly great location awaited me (<a href=\"http:\/\/www.lavilla.de\/\" target=\"_blank\" rel=\"noopener\">www.lavilla.de<\/a>) and really wonderful people who made themselves available for my pictures and made it very easy for me to get great pictures because of their good mood. The requirements of the examination board for this part of the examination were described as follows:<\/div>\n<div class=\"MsoNormal\">\u2013 a group picture with employees and owners<br \/>\n\u2013 three individual portraits of employees in their working environment<br \/>\n- two <a href=\"https:\/\/photogenika.de\/en\/business-photography-2\/company-portrait-employee-photos\/\" target=\"_blank\" rel=\"noopener\">Portraits of employees<\/a> in dialogue with guests For the employee portraits, I decided on a portrait of the chef de cuisine, room service and restaurant service, since the pictures were to be used to show the dialogue with guests at the bar and at reception, and I therefore wanted to photograph all the important areas of the workplace in the hotel.Thanks to the great and uncomplicated cooperation, I was able to return to our photo studio at the end of the day with many great pictures and start working on the final result.For the great support of the LaVilla team, who essentially also &quot;Responsible&quot; that the result of this part of the exam turned out so well, I would like to thank you again and can only warmly recommend this hotel if you want to celebrate or meet in a very human, open and extremely friendly environment.<\/div>\n<div class=\"MsoNormal\"><\/div>\n<div class=\"separator\" style=\"clear: both; text-align: center;\"><\/div>\n<div class=\"separator\" style=\"clear: both; text-align: center;\"><\/div>\n<div class=\"separator\" style=\"clear: both; text-align: center;\"><\/div>\n<div class=\"MsoNormal\">\n<div class=\"separator\" style=\"clear: both; text-align: center;\"><a style=\"margin-left: 1em; margin-right: 1em;\" href=\"http:\/\/1.bp.blogspot.com\/-xnmBdEnVEgo\/UT9CzhynM-I\/AAAAAAAAByI\/UR6uhjFa6Qk\/s1600\/74-104-03_A_G%25C3%25A4ste+an+Rezeption.jpg\" target=\"_blank\" rel=\"noopener\"><img fetchpriority=\"high\" decoding=\"async\" title=\"guests at the reception\" src=\"https:\/\/photogenika.de\/wp-content\/uploads\/2015\/12\/74-104-03_A_GC3A4ste-an-Rezeption.jpg\" alt=\"guests at the reception\" width=\"400\" height=\"265\" border=\"0\" \/><\/a><\/div>\n<div class=\"separator\" style=\"clear: both; text-align: center;\"><a style=\"margin-left: 1em; margin-right: 1em;\" href=\"http:\/\/4.bp.blogspot.com\/-SBkcOcTPU9k\/UT9C0v_WVKI\/AAAAAAAABys\/gUCTWD4BqJw\/s1600\/74-104-03_A_Inhaber%2526Mitarbeiter.jpg\" target=\"_blank\" rel=\"noopener\"><img decoding=\"async\" title=\"Portrait of owner and employees\" src=\"https:\/\/photogenika.de\/wp-content\/uploads\/2015\/12\/74-104-03_A_Inhaber26Mitarbeiter.jpg\" alt=\"Portrait of owner and employees\" width=\"400\" height=\"300\" border=\"0\" \/><\/a><\/div>\n<div class=\"separator\" style=\"clear: both; text-align: center;\"><a style=\"margin-left: 1em; margin-right: 1em;\" href=\"http:\/\/4.bp.blogspot.com\/-KdzKggO0xvs\/UT9C0htR6AI\/AAAAAAAAByY\/pUekFNa4Hyw\/s1600\/74-104-03_A_Portrait-K%25C3%25BCchenchef.jpg\" target=\"_blank\" rel=\"noopener\"><img decoding=\"async\" title=\"Portrait chef\" src=\"https:\/\/photogenika.de\/wp-content\/uploads\/2015\/12\/74-104-03_A_Portrait-KC3BCchenchef.jpg\" alt=\"Portrait chef\" width=\"400\" height=\"265\" border=\"0\" \/><\/a><\/div>\n<div class=\"separator\" style=\"clear: both; text-align: center;\"><a style=\"margin-left: 1em; margin-right: 1em;\" href=\"http:\/\/3.bp.blogspot.com\/-4OvtGyCyc9A\/UT9C1neWUVI\/AAAAAAAAByo\/BdYbujK21PE\/s1600\/74-104-03_A_Portrait-Restaurantservice.jpg\" target=\"_blank\" rel=\"noopener\"><img loading=\"lazy\" decoding=\"async\" title=\"Portrait restaurant service\" src=\"https:\/\/photogenika.de\/wp-content\/uploads\/2015\/12\/74-104-03_A_Portrait-Restaurantservice.jpg\" alt=\"Portrait restaurant service\" width=\"400\" height=\"265\" border=\"0\" \/><\/a><\/div>\n<div class=\"separator\" style=\"clear: both; text-align: center;\"><a style=\"margin-left: 1em; margin-right: 1em;\" href=\"http:\/\/3.bp.blogspot.com\/-Kbgo3avwQzg\/UT9C1qwe2bI\/AAAAAAAAByk\/MKYI6FzEJxw\/s1600\/74-104-03_A_Portrait-Zimmerservice.jpg\" target=\"_blank\" rel=\"noopener\"><img loading=\"lazy\" decoding=\"async\" title=\"Portrait room service\" src=\"https:\/\/photogenika.de\/wp-content\/uploads\/2015\/12\/74-104-03_A_Portrait-Zimmerservice.jpg\" alt=\"Portrait room service\" width=\"400\" height=\"265\" border=\"0\" \/><\/a><\/div>\n<\/div>","protected":false},"excerpt":{"rendered":"<p>Sonja: Bei der diesj\u00e4hrigen Gesellenpr\u00fcfung f\u00fcr Fotografen galt es f\u00fcr den fotografischen Teil innerhalb meines Schwerpunktes (Portraitfotografie) f\u00fcr einen Hotelprospekt die Mitarbeiter in ihrem Arbeitsumfeld abzulichten. Die Bildideen waren sofort in meinem Kopf und schrien f\u00f6rmlich nach einer sofortigen Umsetzung. Das \u201eSofortige\u201c gestaltete sich jedoch alles andere als einfach, da sich jeder Pr\u00fcfling das Hotel [&hellip;]<\/p>\n","protected":false},"author":7,"featured_media":21195,"comment_status":"closed","ping_status":"closed","sticky":false,"template":"","format":"standard","meta":{"footnotes":""},"categories":[9],"tags":[18],"class_list":["post-21435","post","type-post","status-publish","format-standard","has-post-thumbnail","hentry","category-photogenika","tag-ausbildung"],"_links":{"self":[{"href":"https:\/\/photogenika.de\/en\/wp-json\/wp\/v2\/posts\/21435","targetHints":{"allow":["GET"]}}],"collection":[{"href":"https:\/\/photogenika.de\/en\/wp-json\/wp\/v2\/posts"}],"about":[{"href":"https:\/\/photogenika.de\/en\/wp-json\/wp\/v2\/types\/post"}],"author":[{"embeddable":true,"href":"https:\/\/photogenika.de\/en\/wp-json\/wp\/v2\/users\/7"}],"replies":[{"embeddable":true,"href":"https:\/\/photogenika.de\/en\/wp-json\/wp\/v2\/comments?post=21435"}],"version-history":[{"count":0,"href":"https:\/\/photogenika.de\/en\/wp-json\/wp\/v2\/posts\/21435\/revisions"}],"wp:featuredmedia":[{"embeddable":true,"href":"https:\/\/photogenika.de\/en\/wp-json\/wp\/v2\/media\/21195"}],"wp:attachment":[{"href":"https:\/\/photogenika.de\/en\/wp-json\/wp\/v2\/media?parent=21435"}],"wp:term":[{"taxonomy":"category","embeddable":true,"href":"https:\/\/photogenika.de\/en\/wp-json\/wp\/v2\/categories?post=21435"},{"taxonomy":"post_tag","embeddable":true,"href":"https:\/\/photogenika.de\/en\/wp-json\/wp\/v2\/tags?post=21435"}],"curies":[{"name":"wp","href":"https:\/\/api.w.org\/{rel}","templated":true}]}}