{"id":21433,"date":"2013-05-14T12:54:00","date_gmt":"2013-05-14T10:54:00","guid":{"rendered":"http:\/\/wordpress.p275383.webspaceconfig.de\/2013\/05\/14\/aus-dem-tagebuch-einer-azubine-6\/"},"modified":"2013-05-14T12:54:00","modified_gmt":"2013-05-14T10:54:00","slug":"from-the-diary-of-a-trainee-6","status":"publish","type":"post","link":"https:\/\/photogenika.de\/en\/aus-dem-tagebuch-einer-azubine-6\/","title":{"rendered":"From the diary of a trainee - exchange with Hungary"},"content":{"rendered":"<p>Even though it probably went unnoticed by most, I haven&#039;t been to the Photogenika photo studio in Munich for three weeks. I had the honor of participating in an EU mobility project called &quot;Leonardo da Vinci&quot;. Our vocational school in Munich organizes this exchange with the Budapest \u201cSzolg\u00e1lt\u00f3- \u00e9s- K\u00e9zm\u00fcvesipari Szakk\u00e9pz\u00f6 Iskola\u201d (i.e. the local vocational school for photographers and goldsmiths).<br \/>\nThe aim should be to show us the Hungarian working world as a photographer and as we found out there are big differences to our way of working in Munich and it was very exciting to see!<br \/>\nWe were also able to gain a lot of experience during internships in various Budapest photo studios, especially in the field of jewelry photography.<br \/>\nNot only has the beautiful city of Budapest grown dear to our hearts, we also really liked the small towns and the Puszta, which we saw on numerous excursions.<br \/>\nAnd to give you an insight into the beautiful country of Hungary and my photographs from there, I will show you some of the most beautiful pictures.<br \/>\nYour Barbara<\/p>\n<div class=\"separator\" style=\"clear: both;text-align: center\"><\/div>\n<div class=\"separator\" style=\"clear: both;text-align: center\"><a style=\"margin-left: 1em;margin-right: 1em\" href=\"http:\/\/3.bp.blogspot.com\/-JRBHHZdU4ZI\/UZIyJn6UDbI\/AAAAAAAAB1s\/6KOhlhc6Y4Q\/s1600\/02_Photogenika.jpg\" target=\"_blank\" rel=\"noopener\"><img fetchpriority=\"high\" decoding=\"async\" src=\"https:\/\/photogenika.de\/wp-content\/uploads\/2015\/12\/02_Photogenika.jpg\" height=\"400\" width=\"265\" alt=\"\" border=\"0\"  > <\/a><\/div>\n<div class=\"separator\" style=\"clear: both;text-align: center\"><a style=\"margin-left: 1em;margin-right: 1em\" href=\"http:\/\/1.bp.blogspot.com\/-8jWOZ92grfk\/UZIyLWoEaQI\/AAAAAAAAB2A\/7I4V6zhM8Hg\/s1600\/06_Photogenika.jpg\" target=\"_blank\" rel=\"noopener\"><img decoding=\"async\" src=\"https:\/\/photogenika.de\/wp-content\/uploads\/2015\/12\/06_Photogenika.jpg\" height=\"400\" width=\"265\" alt=\"\" border=\"0\"  > <\/a><\/div>\n<div class=\"separator\" style=\"clear: both;text-align: center\"><a style=\"margin-left: 1em;margin-right: 1em\" href=\"http:\/\/2.bp.blogspot.com\/-VNngIrseq9c\/UZIyNcse0EI\/AAAAAAAAB2g\/6-u9yVtube0\/s1600\/08_Photogenika.jpg\" target=\"_blank\" rel=\"noopener\"><img decoding=\"async\" src=\"https:\/\/photogenika.de\/wp-content\/uploads\/2015\/12\/08_Photogenika.jpg\" height=\"265\" width=\"400\" alt=\"\" border=\"0\"  > <\/a><\/div>\n<div class=\"separator\" style=\"clear: both;text-align: center\"><a style=\"margin-left: 1em;margin-right: 1em\" href=\"http:\/\/1.bp.blogspot.com\/-ENilOBuOPJM\/UZIyNEpUxOI\/AAAAAAAAB2c\/TFbLczq8K7Y\/s1600\/09_Photogenika.jpg\" target=\"_blank\" rel=\"noopener\"><img loading=\"lazy\" decoding=\"async\" src=\"https:\/\/photogenika.de\/wp-content\/uploads\/2015\/12\/09_Photogenika.jpg\" height=\"168\" width=\"400\" alt=\"\" border=\"0\"  > <\/a><\/div>\n<div class=\"separator\" style=\"clear: both;text-align: center\"><a style=\"margin-left: 1em;margin-right: 1em\" href=\"http:\/\/2.bp.blogspot.com\/-Au-cPjyF2kY\/UZIyNngSvcI\/AAAAAAAAB2k\/lJ4zMMNR4xE\/s1600\/10_Photogenika.jpg\" target=\"_blank\" rel=\"noopener\"><img loading=\"lazy\" decoding=\"async\" src=\"https:\/\/photogenika.de\/wp-content\/uploads\/2015\/12\/10_Photogenika.jpg\" width=\"400\" height=\"265\" border=\"0\" \/><\/a><\/div>","protected":false},"excerpt":{"rendered":"<p>Auch wenn es wahrscheinlich f\u00fcr die meisten unbemerkt geblieben ist, so war ich doch drei Wochen lang nicht im Fotostudio Photogenika in M\u00fcnchen. Mir wurde die Ehre zu Teil bei einem EU-Mobilit\u00e4ts-Projekt namens \u201eLeonardo da Vinci\u201c teilzunehmen. Unsere Berufsschule in M\u00fcnchen organisiert diesen Austausch mit der Budapester \u201eSzolg\u00e1lt\u00f3- \u00e9s- K\u00e9zm\u00fcvesipari Szakk\u00e9pz\u00f6 Iskola\u201c (Also der dort [&hellip;]<\/p>\n","protected":false},"author":7,"featured_media":21184,"comment_status":"closed","ping_status":"closed","sticky":false,"template":"","format":"standard","meta":{"footnotes":""},"categories":[9],"tags":[18],"class_list":["post-21433","post","type-post","status-publish","format-standard","has-post-thumbnail","hentry","category-photogenika","tag-ausbildung"],"_links":{"self":[{"href":"https:\/\/photogenika.de\/en\/wp-json\/wp\/v2\/posts\/21433","targetHints":{"allow":["GET"]}}],"collection":[{"href":"https:\/\/photogenika.de\/en\/wp-json\/wp\/v2\/posts"}],"about":[{"href":"https:\/\/photogenika.de\/en\/wp-json\/wp\/v2\/types\/post"}],"author":[{"embeddable":true,"href":"https:\/\/photogenika.de\/en\/wp-json\/wp\/v2\/users\/7"}],"replies":[{"embeddable":true,"href":"https:\/\/photogenika.de\/en\/wp-json\/wp\/v2\/comments?post=21433"}],"version-history":[{"count":0,"href":"https:\/\/photogenika.de\/en\/wp-json\/wp\/v2\/posts\/21433\/revisions"}],"wp:featuredmedia":[{"embeddable":true,"href":"https:\/\/photogenika.de\/en\/wp-json\/wp\/v2\/media\/21184"}],"wp:attachment":[{"href":"https:\/\/photogenika.de\/en\/wp-json\/wp\/v2\/media?parent=21433"}],"wp:term":[{"taxonomy":"category","embeddable":true,"href":"https:\/\/photogenika.de\/en\/wp-json\/wp\/v2\/categories?post=21433"},{"taxonomy":"post_tag","embeddable":true,"href":"https:\/\/photogenika.de\/en\/wp-json\/wp\/v2\/tags?post=21433"}],"curies":[{"name":"wp","href":"https:\/\/api.w.org\/{rel}","templated":true}]}}