{"id":18382,"date":"2017-12-15T09:12:43","date_gmt":"2017-12-15T08:12:43","guid":{"rendered":"http:\/\/wordpress.p596870.webspaceconfig.de\/2021\/10\/01\/style-guide-fuer-ihr-businessportrait-in-muenchen\/"},"modified":"2021-10-01T14:42:09","modified_gmt":"2021-10-01T12:42:09","slug":"style-guide-for-your-business-portrait-in-munich-2","status":"publish","type":"post","link":"https:\/\/photogenika.de\/en\/style-guide-fuer-ihr-businessportrait-in-muenchen\/","title":{"rendered":"Style guide for your business portrait in Munich"},"content":{"rendered":"<div data-elementor-type=\"wp-post\" data-elementor-id=\"18382\" class=\"elementor elementor-18382\" data-elementor-settings=\"{&quot;ha_cmc_init_switcher&quot;:&quot;no&quot;}\" data-elementor-post-type=\"post\">\n\t\t\t\t\t\t<section class=\"elementor-section elementor-top-section elementor-element elementor-element-69e80f11 elementor-section-boxed elementor-section-height-default elementor-section-height-default\" data-id=\"69e80f11\" data-element_type=\"section\" data-e-type=\"section\">\n\t\t\t\t\t\t<div class=\"elementor-container elementor-column-gap-default\">\n\t\t\t\t\t<div class=\"elementor-column elementor-col-100 elementor-top-column elementor-element elementor-element-61aa923b\" data-id=\"61aa923b\" data-element_type=\"column\" data-e-type=\"column\">\n\t\t\t<div class=\"elementor-widget-wrap elementor-element-populated\">\n\t\t\t\t\t\t<div class=\"elementor-element elementor-element-414ce8bb elementor-widget elementor-widget-text-editor\" data-id=\"414ce8bb\" data-element_type=\"widget\" data-e-type=\"widget\" data-widget_type=\"text-editor.default\">\n\t\t\t\t<div class=\"elementor-widget-container\">\n\t\t\t\t\t\t\t\t\t<h2 style=\"text-align: center;\">How to prepare for your business photo shoot<\/h2><p><strong>Just the idea of having to make employee portraits in the company sends a chill down the spine of many employees. Do I have to have the photos taken in front of all colleagues? What should I do with my hair? And what do you wear for such an occasion? Don&#039;t panic, these are questions that everyone asks themselves before a business photo shoot - you will find the answers here.<\/strong><\/p><h3>Dress code for business portraits for men<\/h3><p>Anyone who is not employed by a bank or insurance company does not necessarily have to present themselves in a black suit with a tie and a pin in their business photos. The be-all and end-all for business portraits are above all well-fitting clothing. A shirt that stretches slightly across the middle or trousers that are obviously only held up by the belt catch the eye in photos and reduce the wearer&#039;s competence in the eyes of the observer. A smart jacket over a slightly open shirt or a plain sweater is suitable for many industries.<\/p><h3>Dress code for business photos for women<\/h3><p>Warning: keep your hands away from clothing that is too wide! These do not conceal, but rather make the wearer appear fuller. The outfit on your employee portrait should flatter your figure. A narrow belt, for example, emphasizes your narrow waist, while draping or wrap-around looks in the top cleverly hide a small tummy. When it comes to jewelry, care should be taken to ensure that the accessories are timeless and subtle and do not distract too much from the person in the photo.<\/p><h3>Your color code for your corporate photos<\/h3><p>Clever color combinations can also be used to conceal certain parts of the body or bring them to the fore. In company photos, for example, you should avoid too many white or pastel-colored items of clothing, as the bright colors distract from the face and employees. Dark and muted colors, on the other hand, hide small problem areas and generally look a bit slimmer.<\/p><p>But the most important thing is that you feel comfortable in your clothes. This is the only way you can relax during the company photos and appear authentic in the pictures. And smile of course!<\/p><p><a href=\"\/en\/business-photography-2\/\">&gt;&gt;&gt; More inspiration for business photography<\/a><\/p>\t\t\t\t\t\t\t\t<\/div>\n\t\t\t\t<\/div>\n\t\t\t\t\t<\/div>\n\t\t<\/div>\n\t\t\t\t\t<\/div>\n\t\t<\/section>\n\t\t\t\t<section class=\"elementor-section elementor-top-section elementor-element elementor-element-7c8345f0 elementor-section-boxed elementor-section-height-default elementor-section-height-default\" data-id=\"7c8345f0\" data-element_type=\"section\" data-e-type=\"section\">\n\t\t\t\t\t\t<div class=\"elementor-container elementor-column-gap-default\">\n\t\t\t\t\t<div class=\"elementor-column elementor-col-100 elementor-top-column elementor-element elementor-element-27777c1a\" data-id=\"27777c1a\" data-element_type=\"column\" data-e-type=\"column\">\n\t\t\t<div class=\"elementor-widget-wrap elementor-element-populated\">\n\t\t\t\t\t\t<div class=\"elementor-element elementor-element-53134a15 gallery-spacing-custom elementor-widget elementor-widget-image-gallery\" data-id=\"53134a15\" data-element_type=\"widget\" data-e-type=\"widget\" data-widget_type=\"image-gallery.default\">\n\t\t\t\t<div class=\"elementor-widget-container\">\n\t\t\t\t\t\t\t<div class=\"elementor-image-gallery\">\n\t\t\t<div id='gallery-1' class='gallery galleryid-18382 gallery-columns-2 gallery-size-large'><figure class='gallery-item'>\n\t\t\t<div class='gallery-icon landscape'>\n\t\t\t\t<a data-elementor-open-lightbox=\"yes\" data-elementor-lightbox-slideshow=\"53134a15\" data-elementor-lightbox-title=\"Businessfotoshooting_Muenchen-Photogenika.jpg\" data-elementor-lightbox-description=\"Modernes Fotostudio M\u00fcnchen bietet erstklassige Business- und Portraitfotografie f\u00fcr Unternehmen, Selbst\u00e4ndige und Privatpersonen. Professionelle Bilder f\u00fcr Karriere, Marketing und pers\u00f6nliche Anl\u00e4sse. Perfekte Beleuchtung und individuelle Beratung vor Ort.\" data-e-action-hash=\"#elementor-action%3Aaction%3Dlightbox%26settings%3DeyJpZCI6MTc2NSwidXJsIjoiaHR0cHM6XC9cL3Bob3RvZ2VuaWthLmRlXC93cC1jb250ZW50XC91cGxvYWRzXC8yMDIxXC8wOFwvQnVzaW5lc3Nmb3Rvc2hvb3RpbmdfTXVlbmNoZW4tUGhvdG9nZW5pa2EuanBnIiwic2xpZGVzaG93IjoiNTMxMzRhMTUifQ%3D%3D\" href='https:\/\/photogenika.de\/wp-content\/uploads\/2021\/08\/Businessfotoshooting_Muenchen-Photogenika.jpg'><img fetchpriority=\"high\" width=\"800\" height=\"532\" src=\"https:\/\/photogenika.de\/wp-content\/uploads\/2021\/08\/Businessfotoshooting_Muenchen-Photogenika.jpg\" class=\"attachment-large size-large\" alt=\"High-quality business portraits in a Munich photo studio for professional corporate appearances and personal brand building.\" aria-describedby=\"gallery-1-1765\" decoding=\"async\" srcset=\"https:\/\/photogenika.de\/wp-content\/uploads\/2021\/08\/Businessfotoshooting_Muenchen-Photogenika.jpg 800w, https:\/\/photogenika.de\/wp-content\/uploads\/2021\/08\/Businessfotoshooting_Muenchen-Photogenika-768x511.jpg 768w, https:\/\/photogenika.de\/wp-content\/uploads\/2021\/08\/Businessfotoshooting_Muenchen-Photogenika-300x200.jpg 300w\" sizes=\"(max-width: 800px) 100vw, 800px\" \/><\/a>\n\t\t\t<\/div>\n\t\t\t\t<figcaption class='wp-caption-text gallery-caption' id='gallery-1-1765'>\n\t\t\t\tFotogenika Photo Studio Munich: Professional business and application photos, modern studio shots for companies and private clients, high-quality images for LinkedIn, website and social media.\n\t\t\t\t<\/figcaption><\/figure><figure class='gallery-item'>\n\t\t\t<div class='gallery-icon portrait'>\n\t\t\t\t<a data-elementor-open-lightbox=\"yes\" data-elementor-lightbox-slideshow=\"53134a15\" data-elementor-lightbox-title=\"Unternehmensfotos-Muenchen_Fotostudio-Photogenika.jpg\" data-elementor-lightbox-description=\"Professionelle Businessportraits im Fotostudio M\u00fcnchen, ideal f\u00fcr Karriere und Business-Pr\u00e4sentationen. Repr\u00e4sentative Businessfotos f\u00fcr Unternehmen und Einzelpersonen in M\u00fcnchen.\" data-e-action-hash=\"#elementor-action%3Aaction%3Dlightbox%26settings%3DeyJpZCI6MTg0NCwidXJsIjoiaHR0cHM6XC9cL3Bob3RvZ2VuaWthLmRlXC93cC1jb250ZW50XC91cGxvYWRzXC8yMDIxXC8wOFwvVW50ZXJuZWhtZW5zZm90b3MtTXVlbmNoZW5fRm90b3N0dWRpby1QaG90b2dlbmlrYS5qcGciLCJzbGlkZXNob3ciOiI1MzEzNGExNSJ9\" href='https:\/\/photogenika.de\/wp-content\/uploads\/2021\/08\/Unternehmensfotos-Muenchen_Fotostudio-Photogenika.jpg'><img width=\"532\" height=\"800\" src=\"https:\/\/photogenika.de\/wp-content\/uploads\/2021\/08\/Unternehmensfotos-Muenchen_Fotostudio-Photogenika.jpg\" class=\"attachment-large size-large\" alt=\"Photo studio Munich, professional business portraits in a modern setting, high-quality business photographer in our photo studio in Munich.\" aria-describedby=\"gallery-1-1844\" decoding=\"async\" srcset=\"https:\/\/photogenika.de\/wp-content\/uploads\/2021\/08\/Unternehmensfotos-Muenchen_Fotostudio-Photogenika.jpg 532w, https:\/\/photogenika.de\/wp-content\/uploads\/2021\/08\/Unternehmensfotos-Muenchen_Fotostudio-Photogenika-200x300.jpg 200w\" sizes=\"(max-width: 532px) 100vw, 532px\" \/><\/a>\n\t\t\t<\/div>\n\t\t\t\t<figcaption class='wp-caption-text gallery-caption' id='gallery-1-1844'>\n\t\t\t\tConfident business look for professional photos in Munich.\n\t\t\t\t<\/figcaption><\/figure>\n\t\t<\/div>\n\t\t<\/div>\n\t\t\t\t\t\t<\/div>\n\t\t\t\t<\/div>\n\t\t\t\t\t<\/div>\n\t\t<\/div>\n\t\t\t\t\t<\/div>\n\t\t<\/section>\n\t\t\t\t<\/div>","protected":false},"excerpt":{"rendered":"<p>What should I do with my hair? And what do you wear to such a business photo shoot anyway? Don&#039;t panic, you&#039;ll find the answers here.<\/p>","protected":false},"author":1,"featured_media":18385,"comment_status":"open","ping_status":"closed","sticky":false,"template":"","format":"standard","meta":{"footnotes":""},"categories":[15],"tags":[32,33,16,35],"class_list":["post-18382","post","type-post","status-publish","format-standard","has-post-thumbnail","hentry","category-firmenportrait-mitarbeiterfotos","tag-businessfotografie","tag-firmenportrait","tag-mitarbeiterportraits","tag-unternehmensfotografie"],"_links":{"self":[{"href":"https:\/\/photogenika.de\/en\/wp-json\/wp\/v2\/posts\/18382","targetHints":{"allow":["GET"]}}],"collection":[{"href":"https:\/\/photogenika.de\/en\/wp-json\/wp\/v2\/posts"}],"about":[{"href":"https:\/\/photogenika.de\/en\/wp-json\/wp\/v2\/types\/post"}],"author":[{"embeddable":true,"href":"https:\/\/photogenika.de\/en\/wp-json\/wp\/v2\/users\/1"}],"replies":[{"embeddable":true,"href":"https:\/\/photogenika.de\/en\/wp-json\/wp\/v2\/comments?post=18382"}],"version-history":[{"count":0,"href":"https:\/\/photogenika.de\/en\/wp-json\/wp\/v2\/posts\/18382\/revisions"}],"wp:featuredmedia":[{"embeddable":true,"href":"https:\/\/photogenika.de\/en\/wp-json\/wp\/v2\/media\/18385"}],"wp:attachment":[{"href":"https:\/\/photogenika.de\/en\/wp-json\/wp\/v2\/media?parent=18382"}],"wp:term":[{"taxonomy":"category","embeddable":true,"href":"https:\/\/photogenika.de\/en\/wp-json\/wp\/v2\/categories?post=18382"},{"taxonomy":"post_tag","embeddable":true,"href":"https:\/\/photogenika.de\/en\/wp-json\/wp\/v2\/tags?post=18382"}],"curies":[{"name":"wp","href":"https:\/\/api.w.org\/{rel}","templated":true}]}}