{"id":18116,"date":"2021-02-02T11:04:00","date_gmt":"2021-02-02T10:04:00","guid":{"rendered":"http:\/\/wordpress.p596870.webspaceconfig.de\/2021\/10\/01\/ein-imaginaerer-ausflug-in-die-schweiz-fotoreportage\/"},"modified":"2021-11-02T11:09:00","modified_gmt":"2021-11-02T10:09:00","slug":"photo-report-swiss-tourism","status":"publish","type":"post","link":"https:\/\/photogenika.de\/en\/fotoreportage-schweizer-tourismus\/","title":{"rendered":"An imaginary trip to Switzerland - photo reportage"},"content":{"rendered":"<div data-elementor-type=\"wp-post\" data-elementor-id=\"18116\" class=\"elementor elementor-18116\" data-elementor-settings=\"{&quot;ha_cmc_init_switcher&quot;:&quot;no&quot;}\" data-elementor-post-type=\"post\">\n\t\t\t\t\t\t<section class=\"elementor-section elementor-top-section elementor-element elementor-element-a6bade6 elementor-section-boxed elementor-section-height-default elementor-section-height-default\" data-id=\"a6bade6\" data-element_type=\"section\" data-e-type=\"section\">\n\t\t\t\t\t\t<div class=\"elementor-container elementor-column-gap-default\">\n\t\t\t\t\t<div class=\"elementor-column elementor-col-100 elementor-top-column elementor-element elementor-element-6f513b31\" data-id=\"6f513b31\" data-element_type=\"column\" data-e-type=\"column\">\n\t\t\t<div class=\"elementor-widget-wrap elementor-element-populated\">\n\t\t\t\t\t\t<div class=\"elementor-element elementor-element-714f6a3d elementor-widget elementor-widget-text-editor\" data-id=\"714f6a3d\" data-element_type=\"widget\" data-e-type=\"widget\" data-widget_type=\"text-editor.default\">\n\t\t\t\t<div class=\"elementor-widget-container\">\n\t\t\t\t\t\t\t\t\t<p><\/p>\n<p>Winter is just around the corner and with it the next ski season. <br \/>One country that springs to mind when you think of snowy slopes is Switzerland. <br \/>It has great landscapes, beautiful hotels and fantastic cities. Even though I&#039;m not personally a big winter sports enthusiast, I have an event in the form of a <a href=\"https:\/\/photogenika.de\/en\/event-photography\/\" target=\"_blank\" rel=\"noreferrer noopener\">photo reportage <\/a>photographed, which made me want to visit this beautiful country.<\/p>\n<p><\/p>\n<p><\/p>\n<p>It was an event from <a href=\"https:\/\/www.myswitzerland.com\/de-de\/\" target=\"_blank\" rel=\"noreferrer noopener\">Switzerland tourism<\/a>. They presented the interested audience with many options for spending their holidays in Switzerland. From ski camps for children, sporty descents or relaxed cross-country ski runs to interesting city trips and sights. <br \/>Exactly this event I was allowed to accompany photographically, as a photo report I was allowed to capture the event. A wonderful task for me, because I was able to learn so many new things about Switzerland while I was working and became very curious myself.<\/p>\n<p><\/p>\t\t\t\t\t\t\t\t<\/div>\n\t\t\t\t<\/div>\n\t\t\t\t\t<\/div>\n\t\t<\/div>\n\t\t\t\t\t<\/div>\n\t\t<\/section>\n\t\t\t\t<section class=\"elementor-section elementor-top-section elementor-element elementor-element-3eef4f75 elementor-section-boxed elementor-section-height-default elementor-section-height-default\" data-id=\"3eef4f75\" data-element_type=\"section\" data-e-type=\"section\">\n\t\t\t\t\t\t<div class=\"elementor-container elementor-column-gap-default\">\n\t\t\t\t\t<div class=\"elementor-column elementor-col-100 elementor-top-column elementor-element elementor-element-264c3c37\" data-id=\"264c3c37\" data-element_type=\"column\" data-e-type=\"column\">\n\t\t\t<div class=\"elementor-widget-wrap elementor-element-populated\">\n\t\t\t\t\t\t<div class=\"elementor-element elementor-element-44fccf3 elementor-widget elementor-widget-gallery\" data-id=\"44fccf3\" data-element_type=\"widget\" data-e-type=\"widget\" data-settings=\"{&quot;lazyload&quot;:&quot;yes&quot;,&quot;gallery_layout&quot;:&quot;grid&quot;,&quot;columns&quot;:4,&quot;columns_tablet&quot;:2,&quot;columns_mobile&quot;:1,&quot;gap&quot;:{&quot;unit&quot;:&quot;px&quot;,&quot;size&quot;:10,&quot;sizes&quot;:[]},&quot;gap_tablet&quot;:{&quot;unit&quot;:&quot;px&quot;,&quot;size&quot;:10,&quot;sizes&quot;:[]},&quot;gap_mobile&quot;:{&quot;unit&quot;:&quot;px&quot;,&quot;size&quot;:10,&quot;sizes&quot;:[]},&quot;link_to&quot;:&quot;file&quot;,&quot;aspect_ratio&quot;:&quot;3:2&quot;,&quot;overlay_background&quot;:&quot;yes&quot;,&quot;content_hover_animation&quot;:&quot;fade-in&quot;}\" data-widget_type=\"gallery.default\">\n\t\t\t\t<div class=\"elementor-widget-container\">\n\t\t\t\t\t\t\t<div class=\"elementor-gallery__container\">\n\t\t\t\t\t\t\t<a class=\"e-gallery-item elementor-gallery-item elementor-animated-content\" href=\"https:\/\/photogenika.de\/wp-content\/uploads\/2021\/08\/03_Eventfotografie.jpg\" data-elementor-open-lightbox=\"yes\" data-elementor-lightbox-slideshow=\"44fccf3\" data-elementor-lightbox-title=\"03_Eventfotografie.jpg\" data-e-action-hash=\"#elementor-action%3Aaction%3Dlightbox%26settings%3DeyJpZCI6MTAxMCwidXJsIjoiaHR0cHM6XC9cL3Bob3RvZ2VuaWthLmRlXC93cC1jb250ZW50XC91cGxvYWRzXC8yMDIxXC8wOFwvMDNfRXZlbnRmb3RvZ3JhZmllLmpwZyIsInNsaWRlc2hvdyI6IjQ0ZmNjZjMifQ%3D%3D\">\n\t\t\t\t\t<div class=\"e-gallery-image elementor-gallery-item__image\" data-thumbnail=\"https:\/\/photogenika.de\/wp-content\/uploads\/2021\/08\/03_Eventfotografie-300x200.jpg\" data-width=\"300\" data-height=\"200\" aria-label=\"Nature-loving photo studio in Munich, professional portrait and business photography at Photogenika, modernly furnished space, creative photo shoots, personalized service, high-quality images, ideal for business and private clients.\" role=\"img\" ><\/div>\n\t\t\t\t\t\t\t\t\t\t\t<div class=\"elementor-gallery-item__overlay\"><\/div>\n\t\t\t\t\t\t\t\t\t\t\t\t\t\t<\/a>\n\t\t\t\t\t\t\t<a class=\"e-gallery-item elementor-gallery-item elementor-animated-content\" href=\"https:\/\/photogenika.de\/wp-content\/uploads\/2021\/08\/03_Reportagefotografie-Muenchen-1.jpg\" data-elementor-open-lightbox=\"yes\" data-elementor-lightbox-slideshow=\"44fccf3\" data-elementor-lightbox-title=\"03_Reportagefotografie-M\u00fcnchen-1.jpg\" data-e-action-hash=\"#elementor-action%3Aaction%3Dlightbox%26settings%3DeyJpZCI6MTAxMSwidXJsIjoiaHR0cHM6XC9cL3Bob3RvZ2VuaWthLmRlXC93cC1jb250ZW50XC91cGxvYWRzXC8yMDIxXC8wOFwvMDNfUmVwb3J0YWdlZm90b2dyYWZpZS1NdWVuY2hlbi0xLmpwZyIsInNsaWRlc2hvdyI6IjQ0ZmNjZjMifQ%3D%3D\">\n\t\t\t\t\t<div class=\"e-gallery-image elementor-gallery-item__image\" data-thumbnail=\"https:\/\/photogenika.de\/wp-content\/uploads\/2021\/08\/03_Reportagefotografie-Muenchen-1-300x200.jpg\" data-width=\"300\" data-height=\"200\" aria-label=\"Photographer in a photography studio in Munich for presentations or lectures, professional photo shoots, creative photo sessions in Munich, modern photography service in Munich, high-quality photo shoots in Munich.\" role=\"img\" ><\/div>\n\t\t\t\t\t\t\t\t\t\t\t<div class=\"elementor-gallery-item__overlay\"><\/div>\n\t\t\t\t\t\t\t\t\t\t\t\t\t\t<\/a>\n\t\t\t\t\t\t\t<a class=\"e-gallery-item elementor-gallery-item elementor-animated-content\" href=\"https:\/\/photogenika.de\/wp-content\/uploads\/2021\/08\/02_Reportagefotografie-Muenchen-1.jpg\" data-elementor-open-lightbox=\"yes\" data-elementor-lightbox-slideshow=\"44fccf3\" data-elementor-lightbox-title=\"02_Reportagefotografie-M\u00fcnchen-1.jpg\" data-elementor-lightbox-description=\"Hochwertige K\u00e4seplatte mit Trauben, N\u00fcssen und Trockenfr\u00fcchten, ideal f\u00fcr Image-, Produkt- oder Food-Fotos im Fotostudio M\u00fcnchen.\" data-e-action-hash=\"#elementor-action%3Aaction%3Dlightbox%26settings%3DeyJpZCI6MTAxMiwidXJsIjoiaHR0cHM6XC9cL3Bob3RvZ2VuaWthLmRlXC93cC1jb250ZW50XC91cGxvYWRzXC8yMDIxXC8wOFwvMDJfUmVwb3J0YWdlZm90b2dyYWZpZS1NdWVuY2hlbi0xLmpwZyIsInNsaWRlc2hvdyI6IjQ0ZmNjZjMifQ%3D%3D\">\n\t\t\t\t\t<div class=\"e-gallery-image elementor-gallery-item__image\" data-thumbnail=\"https:\/\/photogenika.de\/wp-content\/uploads\/2021\/08\/02_Reportagefotografie-Muenchen-1-200x300.jpg\" data-width=\"200\" data-height=\"300\" aria-label=\"Cheese platter with grapes, nuts and dried fruit, suitable snacks for photo shoots in the Munich photo studio.\" role=\"img\" ><\/div>\n\t\t\t\t\t\t\t\t\t\t\t<div class=\"elementor-gallery-item__overlay\"><\/div>\n\t\t\t\t\t\t\t\t\t\t\t\t\t\t<\/a>\n\t\t\t\t\t\t\t<a class=\"e-gallery-item elementor-gallery-item elementor-animated-content\" href=\"https:\/\/photogenika.de\/wp-content\/uploads\/2021\/08\/03_Eventfotografie-Muenchen-2.jpg\" data-elementor-open-lightbox=\"yes\" data-elementor-lightbox-slideshow=\"44fccf3\" data-elementor-lightbox-title=\"03_Eventfotografie-M\u00fcnchen-2.jpg\" data-e-action-hash=\"#elementor-action%3Aaction%3Dlightbox%26settings%3DeyJpZCI6MTAxMywidXJsIjoiaHR0cHM6XC9cL3Bob3RvZ2VuaWthLmRlXC93cC1jb250ZW50XC91cGxvYWRzXC8yMDIxXC8wOFwvMDNfRXZlbnRmb3RvZ3JhZmllLU11ZW5jaGVuLTIuanBnIiwic2xpZGVzaG93IjoiNDRmY2NmMyJ9\">\n\t\t\t\t\t<div class=\"e-gallery-image elementor-gallery-item__image\" data-thumbnail=\"https:\/\/photogenika.de\/wp-content\/uploads\/2021\/08\/03_Eventfotografie-Muenchen-2-300x200.jpg\" data-width=\"300\" data-height=\"200\" aria-label=\"\" role=\"img\" ><\/div>\n\t\t\t\t\t\t\t\t\t\t\t<div class=\"elementor-gallery-item__overlay\"><\/div>\n\t\t\t\t\t\t\t\t\t\t\t\t\t\t<\/a>\n\t\t\t\t\t<\/div>\n\t\t\t\t\t<\/div>\n\t\t\t\t<\/div>\n\t\t\t\t\t<\/div>\n\t\t<\/div>\n\t\t\t\t\t<\/div>\n\t\t<\/section>\n\t\t\t\t<section class=\"elementor-section elementor-top-section elementor-element elementor-element-55f9f38d elementor-section-boxed elementor-section-height-default elementor-section-height-default\" data-id=\"55f9f38d\" data-element_type=\"section\" data-e-type=\"section\">\n\t\t\t\t\t\t<div class=\"elementor-container elementor-column-gap-default\">\n\t\t\t\t\t<div class=\"elementor-column elementor-col-100 elementor-top-column elementor-element elementor-element-5facb21a\" data-id=\"5facb21a\" data-element_type=\"column\" data-e-type=\"column\">\n\t\t\t<div class=\"elementor-widget-wrap elementor-element-populated\">\n\t\t\t\t\t\t<div class=\"elementor-element elementor-element-761a603 elementor-widget elementor-widget-text-editor\" data-id=\"761a603\" data-element_type=\"widget\" data-e-type=\"widget\" data-widget_type=\"text-editor.default\">\n\t\t\t\t<div class=\"elementor-widget-container\">\n\t\t\t\t\t\t\t\t\t<p>\u00a0<\/p>\n<figure class=\"wp-block-gallery columns-4 is-cropped\" style=\"letter-spacing: -0.4px;\">\n<ul class=\"blocks-gallery-grid\" style=\"font-size: 18px;\">\n<li class=\"blocks-gallery-item\" style=\"font-size: 18px;\">\n<figure style=\"height: 150px;\"><span style=\"letter-spacing: -0.4px;\">The advantages of each individual canton were shown. Various festivals and markets take place in every season, and even outside of the winter sports season, this country offers incredibly beautiful scenery for hikers of all ages.<\/span><\/figure>\n<\/li>\n<\/ul>\n<\/figure>\n<p style=\"letter-spacing: -0.4px;\">The culinary specialties are of course the icing on the cake, which you absolutely cannot miss \ud83d\ude42<\/p>\t\t\t\t\t\t\t\t<\/div>\n\t\t\t\t<\/div>\n\t\t\t\t\t<\/div>\n\t\t<\/div>\n\t\t\t\t\t<\/div>\n\t\t<\/section>\n\t\t\t\t<section class=\"elementor-section elementor-top-section elementor-element elementor-element-72d41bb2 elementor-section-boxed elementor-section-height-default elementor-section-height-default\" data-id=\"72d41bb2\" data-element_type=\"section\" data-e-type=\"section\">\n\t\t\t\t\t\t<div class=\"elementor-container elementor-column-gap-default\">\n\t\t\t\t\t<div class=\"elementor-column elementor-col-100 elementor-top-column elementor-element elementor-element-ba613f8\" data-id=\"ba613f8\" data-element_type=\"column\" data-e-type=\"column\">\n\t\t\t<div class=\"elementor-widget-wrap\">\n\t\t\t\t\t\t\t<\/div>\n\t\t<\/div>\n\t\t\t\t\t<\/div>\n\t\t<\/section>\n\t\t\t\t<section class=\"elementor-section elementor-top-section elementor-element elementor-element-799aee69 elementor-section-boxed elementor-section-height-default elementor-section-height-default\" data-id=\"799aee69\" data-element_type=\"section\" data-e-type=\"section\">\n\t\t\t\t\t\t<div class=\"elementor-container elementor-column-gap-default\">\n\t\t\t\t\t<div class=\"elementor-column elementor-col-100 elementor-top-column elementor-element elementor-element-2e8b2ebb\" data-id=\"2e8b2ebb\" data-element_type=\"column\" data-e-type=\"column\">\n\t\t\t<div class=\"elementor-widget-wrap\">\n\t\t\t\t\t\t\t<\/div>\n\t\t<\/div>\n\t\t\t\t\t<\/div>\n\t\t<\/section>\n\t\t\t\t<section class=\"elementor-section elementor-top-section elementor-element elementor-element-14a10bad elementor-section-boxed elementor-section-height-default elementor-section-height-default\" data-id=\"14a10bad\" data-element_type=\"section\" data-e-type=\"section\">\n\t\t\t\t\t\t<div class=\"elementor-container elementor-column-gap-default\">\n\t\t\t\t\t<div class=\"elementor-column elementor-col-100 elementor-top-column elementor-element elementor-element-78c10f7e\" data-id=\"78c10f7e\" data-element_type=\"column\" data-e-type=\"column\">\n\t\t\t<div class=\"elementor-widget-wrap elementor-element-populated\">\n\t\t\t\t\t\t<div class=\"elementor-element elementor-element-37248f12 elementor-widget elementor-widget-text-editor\" data-id=\"37248f12\" data-element_type=\"widget\" data-e-type=\"widget\" data-widget_type=\"text-editor.default\">\n\t\t\t\t<div class=\"elementor-widget-container\">\n\t\t\t\t\t\t\t\t\t<p>\u00a0<\/p>\n<figure class=\"wp-block-gallery columns-3 is-cropped\" style=\"letter-spacing: -0.4px;\">\n<ul class=\"blocks-gallery-grid\" style=\"font-size: 18px;\">\n<li class=\"blocks-gallery-item\" style=\"font-size: 18px;\">\n<figure style=\"height: 150px;\"><span style=\"letter-spacing: -0.4px;\">It was a very interesting event for me, where I gave a lot of interesting things in addition to taking photos. Especially because all visitors were very interested and in a good mood, it made my work a lot easier. It was a lot of fun capturing the big, as well as the small and inconspicuous moments at this event.<\/span><\/figure>\n<\/li>\n<\/ul>\n<\/figure>\t\t\t\t\t\t\t\t<\/div>\n\t\t\t\t<\/div>\n\t\t\t\t<div class=\"elementor-element elementor-element-598b0a54 elementor-widget elementor-widget-gallery\" data-id=\"598b0a54\" data-element_type=\"widget\" data-e-type=\"widget\" data-settings=\"{&quot;lazyload&quot;:&quot;yes&quot;,&quot;gallery_layout&quot;:&quot;grid&quot;,&quot;columns&quot;:4,&quot;columns_tablet&quot;:2,&quot;columns_mobile&quot;:1,&quot;gap&quot;:{&quot;unit&quot;:&quot;px&quot;,&quot;size&quot;:10,&quot;sizes&quot;:[]},&quot;gap_tablet&quot;:{&quot;unit&quot;:&quot;px&quot;,&quot;size&quot;:10,&quot;sizes&quot;:[]},&quot;gap_mobile&quot;:{&quot;unit&quot;:&quot;px&quot;,&quot;size&quot;:10,&quot;sizes&quot;:[]},&quot;link_to&quot;:&quot;file&quot;,&quot;aspect_ratio&quot;:&quot;3:2&quot;,&quot;overlay_background&quot;:&quot;yes&quot;,&quot;content_hover_animation&quot;:&quot;fade-in&quot;}\" data-widget_type=\"gallery.default\">\n\t\t\t\t<div class=\"elementor-widget-container\">\n\t\t\t\t\t\t\t<div class=\"elementor-gallery__container\">\n\t\t\t\t\t\t\t<a class=\"e-gallery-item elementor-gallery-item elementor-animated-content\" href=\"https:\/\/photogenika.de\/wp-content\/uploads\/2021\/08\/01_Reportagefotografie-Muenchen-1.jpg\" data-elementor-open-lightbox=\"yes\" data-elementor-lightbox-slideshow=\"598b0a54\" data-elementor-lightbox-title=\"01_Reportagefotografie-M\u00fcnchen-1.jpg\" data-elementor-lightbox-description=\"Professionelles Fotoshooting im M\u00fcnchner Photogenika Fotostudio, ideal f\u00fcr Portr\u00e4ts, Business oder private Anl\u00e4sse, mit kompetenter Beratung und hochwertiger Technik.\" data-e-action-hash=\"#elementor-action%3Aaction%3Dlightbox%26settings%3DeyJpZCI6MTAxNCwidXJsIjoiaHR0cHM6XC9cL3Bob3RvZ2VuaWthLmRlXC93cC1jb250ZW50XC91cGxvYWRzXC8yMDIxXC8wOFwvMDFfUmVwb3J0YWdlZm90b2dyYWZpZS1NdWVuY2hlbi0xLmpwZyIsInNsaWRlc2hvdyI6IjU5OGIwYTU0In0%3D\">\n\t\t\t\t\t<div class=\"e-gallery-image elementor-gallery-item__image\" data-thumbnail=\"https:\/\/photogenika.de\/wp-content\/uploads\/2021\/08\/01_Reportagefotografie-Muenchen-1-300x200.jpg\" data-width=\"300\" data-height=\"200\" aria-label=\"High-quality photo shoot at Photogenika photo studio in Munich with professional image quality.\" role=\"img\" ><\/div>\n\t\t\t\t\t\t\t\t\t\t\t<div class=\"elementor-gallery-item__overlay\"><\/div>\n\t\t\t\t\t\t\t\t\t\t\t\t\t\t<\/a>\n\t\t\t\t\t\t\t<a class=\"e-gallery-item elementor-gallery-item elementor-animated-content\" href=\"https:\/\/photogenika.de\/wp-content\/uploads\/2021\/08\/01_Reportage-fotografie-2.jpg\" data-elementor-open-lightbox=\"yes\" data-elementor-lightbox-slideshow=\"598b0a54\" data-elementor-lightbox-title=\"01_Reportage-fotografie-2.jpg\" data-e-action-hash=\"#elementor-action%3Aaction%3Dlightbox%26settings%3DeyJpZCI6MTAxNSwidXJsIjoiaHR0cHM6XC9cL3Bob3RvZ2VuaWthLmRlXC93cC1jb250ZW50XC91cGxvYWRzXC8yMDIxXC8wOFwvMDFfUmVwb3J0YWdlLWZvdG9ncmFmaWUtMi5qcGciLCJzbGlkZXNob3ciOiI1OThiMGE1NCJ9\">\n\t\t\t\t\t<div class=\"e-gallery-image elementor-gallery-item__image\" data-thumbnail=\"https:\/\/photogenika.de\/wp-content\/uploads\/2021\/08\/01_Reportage-fotografie-2-200x300.jpg\" data-width=\"200\" data-height=\"300\" aria-label=\"\" role=\"img\" ><\/div>\n\t\t\t\t\t\t\t\t\t\t\t<div class=\"elementor-gallery-item__overlay\"><\/div>\n\t\t\t\t\t\t\t\t\t\t\t\t\t\t<\/a>\n\t\t\t\t\t\t\t<a class=\"e-gallery-item elementor-gallery-item elementor-animated-content\" href=\"https:\/\/photogenika.de\/wp-content\/uploads\/2021\/08\/01_Eventfotografie.jpg\" data-elementor-open-lightbox=\"yes\" data-elementor-lightbox-slideshow=\"598b0a54\" data-elementor-lightbox-title=\"01_Eventfotografie.jpg\" data-elementor-lightbox-description=\"Professionelles Fotostudio in M\u00fcnchen f\u00fcr Hochzeits- und Eventfotografie, kreatives Fotoshooting, hochwertiger Hochzeitsfotograf, moderne Hochzeitsfotos, pers\u00f6nliches Fotoshooting im Photogenika in M\u00fcnchen.\" data-e-action-hash=\"#elementor-action%3Aaction%3Dlightbox%26settings%3DeyJpZCI6MTAxNiwidXJsIjoiaHR0cHM6XC9cL3Bob3RvZ2VuaWthLmRlXC93cC1jb250ZW50XC91cGxvYWRzXC8yMDIxXC8wOFwvMDFfRXZlbnRmb3RvZ3JhZmllLmpwZyIsInNsaWRlc2hvdyI6IjU5OGIwYTU0In0%3D\">\n\t\t\t\t\t<div class=\"e-gallery-image elementor-gallery-item__image\" data-thumbnail=\"https:\/\/photogenika.de\/wp-content\/uploads\/2021\/08\/01_Eventfotografie-300x200.jpg\" data-width=\"300\" data-height=\"200\" aria-label=\"Wedding photographer in Munich at an event in the Photogenika photo studio, professional photo shoot, creative wedding photos, modern photo studio, high-quality wedding photographer Munich.\" role=\"img\" ><\/div>\n\t\t\t\t\t\t\t\t\t\t\t<div class=\"elementor-gallery-item__overlay\"><\/div>\n\t\t\t\t\t\t\t\t\t\t\t\t\t\t<\/a>\n\t\t\t\t\t<\/div>\n\t\t\t\t\t<\/div>\n\t\t\t\t<\/div>\n\t\t\t\t<div class=\"elementor-element elementor-element-70b05509 elementor-widget elementor-widget-gallery\" data-id=\"70b05509\" data-element_type=\"widget\" data-e-type=\"widget\" data-settings=\"{&quot;lazyload&quot;:&quot;yes&quot;,&quot;gallery_layout&quot;:&quot;grid&quot;,&quot;columns&quot;:4,&quot;columns_tablet&quot;:2,&quot;columns_mobile&quot;:1,&quot;gap&quot;:{&quot;unit&quot;:&quot;px&quot;,&quot;size&quot;:10,&quot;sizes&quot;:[]},&quot;gap_tablet&quot;:{&quot;unit&quot;:&quot;px&quot;,&quot;size&quot;:10,&quot;sizes&quot;:[]},&quot;gap_mobile&quot;:{&quot;unit&quot;:&quot;px&quot;,&quot;size&quot;:10,&quot;sizes&quot;:[]},&quot;link_to&quot;:&quot;file&quot;,&quot;aspect_ratio&quot;:&quot;3:2&quot;,&quot;overlay_background&quot;:&quot;yes&quot;,&quot;content_hover_animation&quot;:&quot;fade-in&quot;}\" data-widget_type=\"gallery.default\">\n\t\t\t\t<div class=\"elementor-widget-container\">\n\t\t\t\t\t\t\t<div class=\"elementor-gallery__container\">\n\t\t\t\t\t\t\t<a class=\"e-gallery-item elementor-gallery-item elementor-animated-content\" href=\"https:\/\/photogenika.de\/wp-content\/uploads\/2021\/08\/02_Eventfotografie.jpg\" data-elementor-open-lightbox=\"yes\" data-elementor-lightbox-slideshow=\"70b05509\" data-elementor-lightbox-title=\"02_Eventfotografie.jpg\" data-e-action-hash=\"#elementor-action%3Aaction%3Dlightbox%26settings%3DeyJpZCI6MTAxNywidXJsIjoiaHR0cHM6XC9cL3Bob3RvZ2VuaWthLmRlXC93cC1jb250ZW50XC91cGxvYWRzXC8yMDIxXC8wOFwvMDJfRXZlbnRmb3RvZ3JhZmllLmpwZyIsInNsaWRlc2hvdyI6IjcwYjA1NTA5In0%3D\">\n\t\t\t\t\t<div class=\"e-gallery-image elementor-gallery-item__image\" data-thumbnail=\"https:\/\/photogenika.de\/wp-content\/uploads\/2021\/08\/02_Eventfotografie-300x200.jpg\" data-width=\"300\" data-height=\"200\" aria-label=\"Innovative photo studio in Munich for professional portrait and business photography at Photogenika, modernly designed photo studio, high-quality equipment, creative photo shoots, optimal advice.\" role=\"img\" ><\/div>\n\t\t\t\t\t\t\t\t\t\t\t<div class=\"elementor-gallery-item__overlay\"><\/div>\n\t\t\t\t\t\t\t\t\t\t\t\t\t\t<\/a>\n\t\t\t\t\t\t\t<a class=\"e-gallery-item elementor-gallery-item elementor-animated-content\" href=\"https:\/\/photogenika.de\/wp-content\/uploads\/2021\/08\/02_Reportage-fotografie-2.jpg\" data-elementor-open-lightbox=\"yes\" data-elementor-lightbox-slideshow=\"70b05509\" data-elementor-lightbox-title=\"02_Reportage-fotografie-2.jpg\" data-elementor-lightbox-description=\"Hochwertige Champagner-Fotos im Fotostudio in M\u00fcnchen, ideal f\u00fcr Marketing und Event-Dokumentation, mit Fokus auf luxuri\u00f6se Getr\u00e4nke und festliche Atmosph\u00e4re.\" data-e-action-hash=\"#elementor-action%3Aaction%3Dlightbox%26settings%3DeyJpZCI6MTAxOCwidXJsIjoiaHR0cHM6XC9cL3Bob3RvZ2VuaWthLmRlXC93cC1jb250ZW50XC91cGxvYWRzXC8yMDIxXC8wOFwvMDJfUmVwb3J0YWdlLWZvdG9ncmFmaWUtMi5qcGciLCJzbGlkZXNob3ciOiI3MGIwNTUwOSJ9\">\n\t\t\t\t\t<div class=\"e-gallery-image elementor-gallery-item__image\" data-thumbnail=\"https:\/\/photogenika.de\/wp-content\/uploads\/2021\/08\/02_Reportage-fotografie-2-200x300.jpg\" data-width=\"200\" data-height=\"300\" aria-label=\"A colorful assortment of champagnes in ice buckets at a Munich photo studio for festive occasions.\" role=\"img\" ><\/div>\n\t\t\t\t\t\t\t\t\t\t\t<div class=\"elementor-gallery-item__overlay\"><\/div>\n\t\t\t\t\t\t\t\t\t\t\t\t\t\t<\/a>\n\t\t\t\t\t\t\t<a class=\"e-gallery-item elementor-gallery-item elementor-animated-content\" href=\"https:\/\/photogenika.de\/wp-content\/uploads\/2021\/08\/02_Eventfotografie-Muenchen-3.jpg\" data-elementor-open-lightbox=\"yes\" data-elementor-lightbox-slideshow=\"70b05509\" data-elementor-lightbox-title=\"02_Eventfotografie-M\u00fcnchen-3.jpg\" data-e-action-hash=\"#elementor-action%3Aaction%3Dlightbox%26settings%3DeyJpZCI6MTAxOSwidXJsIjoiaHR0cHM6XC9cL3Bob3RvZ2VuaWthLmRlXC93cC1jb250ZW50XC91cGxvYWRzXC8yMDIxXC8wOFwvMDJfRXZlbnRmb3RvZ3JhZmllLU11ZW5jaGVuLTMuanBnIiwic2xpZGVzaG93IjoiNzBiMDU1MDkifQ%3D%3D\">\n\t\t\t\t\t<div class=\"e-gallery-image elementor-gallery-item__image\" data-thumbnail=\"https:\/\/photogenika.de\/wp-content\/uploads\/2021\/08\/02_Eventfotografie-Muenchen-3-300x200.jpg\" data-width=\"300\" data-height=\"200\" aria-label=\"Modern presentation in a Munich photo studio, professional business meeting, business presentation, speaker presents diagram, business event, professional atmosphere, rooms in wood design.\" role=\"img\" ><\/div>\n\t\t\t\t\t\t\t\t\t\t\t<div class=\"elementor-gallery-item__overlay\"><\/div>\n\t\t\t\t\t\t\t\t\t\t\t\t\t\t<\/a>\n\t\t\t\t\t<\/div>\n\t\t\t\t\t<\/div>\n\t\t\t\t<\/div>\n\t\t\t\t\t<\/div>\n\t\t<\/div>\n\t\t\t\t\t<\/div>\n\t\t<\/section>\n\t\t\t\t<\/div>","protected":false},"excerpt":{"rendered":"<p>Der Winter steht vor der T\u00fcr und damit auch die n\u00e4chste Ski Saison. Ein Land, das jedem sofort in den Sinn kommt, wenn man an schneebedeckte Pisten denkt, ist die Schweiz. Sie hat tolle Landschaften, sch\u00f6ne Hotels und traumhafte St\u00e4dte. Auch, wenn ich pers\u00f6nlich kein gro\u00dfer Wintersportler bin, habe ich ein Event in Form einer [&hellip;]<\/p>\n","protected":false},"author":1,"featured_media":18119,"comment_status":"open","ping_status":"closed","sticky":false,"template":"","format":"standard","meta":{"footnotes":""},"categories":[63],"tags":[111,118,112,43,122,114],"class_list":["post-18116","post","type-post","status-publish","format-standard","has-post-thumbnail","hentry","category-eventfotografie","tag-event-fotograf","tag-event-fotografie","tag-eventfotografie","tag-reportage","tag-reportagefotograf","tag-reportagefotografie"],"_links":{"self":[{"href":"https:\/\/photogenika.de\/en\/wp-json\/wp\/v2\/posts\/18116","targetHints":{"allow":["GET"]}}],"collection":[{"href":"https:\/\/photogenika.de\/en\/wp-json\/wp\/v2\/posts"}],"about":[{"href":"https:\/\/photogenika.de\/en\/wp-json\/wp\/v2\/types\/post"}],"author":[{"embeddable":true,"href":"https:\/\/photogenika.de\/en\/wp-json\/wp\/v2\/users\/1"}],"replies":[{"embeddable":true,"href":"https:\/\/photogenika.de\/en\/wp-json\/wp\/v2\/comments?post=18116"}],"version-history":[{"count":0,"href":"https:\/\/photogenika.de\/en\/wp-json\/wp\/v2\/posts\/18116\/revisions"}],"wp:featuredmedia":[{"embeddable":true,"href":"https:\/\/photogenika.de\/en\/wp-json\/wp\/v2\/media\/18119"}],"wp:attachment":[{"href":"https:\/\/photogenika.de\/en\/wp-json\/wp\/v2\/media?parent=18116"}],"wp:term":[{"taxonomy":"category","embeddable":true,"href":"https:\/\/photogenika.de\/en\/wp-json\/wp\/v2\/categories?post=18116"},{"taxonomy":"post_tag","embeddable":true,"href":"https:\/\/photogenika.de\/en\/wp-json\/wp\/v2\/tags?post=18116"}],"curies":[{"name":"wp","href":"https:\/\/api.w.org\/{rel}","templated":true}]}}